{"id":28030,"date":"2015-05-20T09:17:55","date_gmt":"2015-05-20T12:17:55","guid":{"rendered":"http:\/\/notinor.com\/jujuy\/?p=28030"},"modified":"2015-05-20T09:17:55","modified_gmt":"2015-05-20T12:17:55","slug":"zapana-manuel-juan-q-e-p-d","status":"publish","type":"post","link":"https:\/\/notinor.com\/jujuy\/zapana-manuel-juan-q-e-p-d\/","title":{"rendered":"ZAPANA, Manuel Juan (Q.E.P.D.)"},"content":{"rendered":"<p>Falleci\u00f3 el d\u00eda 18 de mayo de 2015. C.A.S.R. y B.P. a la edad de 69 a\u00f1os. Sus hijos Nelly, Fabiana, Silvana, Manuel y Florencia; sus hermanos Lidia, Teodoro, Teresa, Leonel y Rogelio; sus hijos pol\u00edticos Roberto, Miguel y Lorena; sus nietos Valentina, Malena, Joaqu\u00edn, Bautista, Lujan, Mateo y Martina; sus amigos; sus vecinos y dem\u00e1s familiares participan con profunda tristeza de su partida hacia la morada del Alt\u00edsimo, rogando por el eterno descanso de su alma y una pronta resignaci\u00f3n ante tan irreparable p\u00e9rdida y comunican que sus restos fueron inhumados ayer \u00a0en el cementerio Privado Parque El Solar. Servicio, traslados, cremaci\u00f3n, exequias y ceremonial La Cocher\u00eda SRL. Salta 1325. Provincia de Jujuy. Tel.0388- 154166272-154167158-4056489.<\/p>\n","protected":false},"excerpt":{"rendered":"<p>Falleci\u00f3 el d\u00eda 18 de mayo de 2015. C.A.S.R. y B.P. a la edad de 69 a\u00f1os. Sus hijos Nelly, Fabiana, Silvana, Manuel y Florencia; sus hermanos Lidia, Teodoro, Teresa, Leonel y Rogelio; sus hijos pol\u00edticos Roberto, Miguel y Lorena; sus nietos Valentina, Malena, Joaqu\u00edn, Bautista, Lujan, Mateo y Martina; sus amigos; sus vecinos y [&hellip;]<\/p>\n","protected":false},"author":5,"featured_media":18110,"comment_status":"open","ping_status":"open","sticky":false,"template":"","format":"standard","meta":{"_stopmodifiedupdate":false,"_modified_date":"","inline_featured_image":false,"spay_email":"","jetpack_publicize_message":""},"categories":[18],"tags":[],"jetpack_featured_media_url":"https:\/\/notinor.com\/jujuy\/wp-content\/uploads\/2015\/03\/Obituarios.jpg","jetpack_publicize_connections":[],"_links":{"self":[{"href":"https:\/\/notinor.com\/jujuy\/wp-json\/wp\/v2\/posts\/28030"}],"collection":[{"href":"https:\/\/notinor.com\/jujuy\/wp-json\/wp\/v2\/posts"}],"about":[{"href":"https:\/\/notinor.com\/jujuy\/wp-json\/wp\/v2\/types\/post"}],"author":[{"embeddable":true,"href":"https:\/\/notinor.com\/jujuy\/wp-json\/wp\/v2\/users\/5"}],"replies":[{"embeddable":true,"href":"https:\/\/notinor.com\/jujuy\/wp-json\/wp\/v2\/comments?post=28030"}],"version-history":[{"count":1,"href":"https:\/\/notinor.com\/jujuy\/wp-json\/wp\/v2\/posts\/28030\/revisions"}],"predecessor-version":[{"id":28031,"href":"https:\/\/notinor.com\/jujuy\/wp-json\/wp\/v2\/posts\/28030\/revisions\/28031"}],"wp:featuredmedia":[{"embeddable":true,"href":"https:\/\/notinor.com\/jujuy\/wp-json\/wp\/v2\/media\/18110"}],"wp:attachment":[{"href":"https:\/\/notinor.com\/jujuy\/wp-json\/wp\/v2\/media?parent=28030"}],"wp:term":[{"taxonomy":"category","embeddable":true,"href":"https:\/\/notinor.com\/jujuy\/wp-json\/wp\/v2\/categories?post=28030"},{"taxonomy":"post_tag","embeddable":true,"href":"https:\/\/notinor.com\/jujuy\/wp-json\/wp\/v2\/tags?post=28030"}],"curies":[{"name":"wp","href":"https:\/\/api.w.org\/{rel}","templated":true}]}}