{"id":28028,"date":"2015-05-20T09:12:30","date_gmt":"2015-05-20T12:12:30","guid":{"rendered":"http:\/\/notinor.com\/jujuy\/?p=28028"},"modified":"2015-05-20T09:12:30","modified_gmt":"2015-05-20T12:12:30","slug":"vargas-amalia-q-e-p-d","status":"publish","type":"post","link":"https:\/\/notinor.com\/jujuy\/vargas-amalia-q-e-p-d\/","title":{"rendered":"VARGAS, Amalia (Q.E.P.D.)"},"content":{"rendered":"<p>Falleci\u00f3 el d\u00eda 18 de mayo de 2015, a hs. 20:50. C.A.S.R. y B.P. a la edad de 74 a\u00f1os. Sus hijos Norma, Orlando, Gladys, Fernando, V\u00edctor y Guillermo; sus hijos pol\u00edticos Lorena y Silvia; sus hermanos Braulio, Neli, Ester, H\u00e9ctor y Narciso; sus sobrinos; sus primos; sus nietos Karen y Nahir Gutierrez; y dem\u00e1s familiares participan de su fallecimiento y comunican que sus restos mortales fueron inhumados ayer 19 de mayo \u00a0a hs. 18:30 en el cementerio Sagrado Coraz\u00f3n de Jes\u00fas de Ldor. Gral. San Martin. Servicio Previsi\u00f3n Social SRL. Sixto Ovejero 467. Tel.03886- 422482. Ldor. Gral. San Martin. Casa central Avda. Hip\u00f3lito Yrigoyen 1160. Tel.0388-4224305. Jujuy. Para Organizaci\u00f3n Am\u00e9rica.<\/p>\n","protected":false},"excerpt":{"rendered":"<p>Falleci\u00f3 el d\u00eda 18 de mayo de 2015, a hs. 20:50. C.A.S.R. y B.P. a la edad de 74 a\u00f1os. Sus hijos Norma, Orlando, Gladys, Fernando, V\u00edctor y Guillermo; sus hijos pol\u00edticos Lorena y Silvia; sus hermanos Braulio, Neli, Ester, H\u00e9ctor y Narciso; sus sobrinos; sus primos; sus nietos Karen y Nahir Gutierrez; y dem\u00e1s [&hellip;]<\/p>\n","protected":false},"author":5,"featured_media":18110,"comment_status":"open","ping_status":"open","sticky":false,"template":"","format":"standard","meta":{"_stopmodifiedupdate":false,"_modified_date":"","inline_featured_image":false,"spay_email":"","jetpack_publicize_message":""},"categories":[18],"tags":[],"jetpack_featured_media_url":"https:\/\/notinor.com\/jujuy\/wp-content\/uploads\/2015\/03\/Obituarios.jpg","jetpack_publicize_connections":[],"_links":{"self":[{"href":"https:\/\/notinor.com\/jujuy\/wp-json\/wp\/v2\/posts\/28028"}],"collection":[{"href":"https:\/\/notinor.com\/jujuy\/wp-json\/wp\/v2\/posts"}],"about":[{"href":"https:\/\/notinor.com\/jujuy\/wp-json\/wp\/v2\/types\/post"}],"author":[{"embeddable":true,"href":"https:\/\/notinor.com\/jujuy\/wp-json\/wp\/v2\/users\/5"}],"replies":[{"embeddable":true,"href":"https:\/\/notinor.com\/jujuy\/wp-json\/wp\/v2\/comments?post=28028"}],"version-history":[{"count":1,"href":"https:\/\/notinor.com\/jujuy\/wp-json\/wp\/v2\/posts\/28028\/revisions"}],"predecessor-version":[{"id":28029,"href":"https:\/\/notinor.com\/jujuy\/wp-json\/wp\/v2\/posts\/28028\/revisions\/28029"}],"wp:featuredmedia":[{"embeddable":true,"href":"https:\/\/notinor.com\/jujuy\/wp-json\/wp\/v2\/media\/18110"}],"wp:attachment":[{"href":"https:\/\/notinor.com\/jujuy\/wp-json\/wp\/v2\/media?parent=28028"}],"wp:term":[{"taxonomy":"category","embeddable":true,"href":"https:\/\/notinor.com\/jujuy\/wp-json\/wp\/v2\/categories?post=28028"},{"taxonomy":"post_tag","embeddable":true,"href":"https:\/\/notinor.com\/jujuy\/wp-json\/wp\/v2\/tags?post=28028"}],"curies":[{"name":"wp","href":"https:\/\/api.w.org\/{rel}","templated":true}]}}