{"id":28023,"date":"2015-05-20T07:34:46","date_gmt":"2015-05-20T10:34:46","guid":{"rendered":"http:\/\/notinor.com\/jujuy\/?p=28023"},"modified":"2015-05-20T08:38:01","modified_gmt":"2015-05-20T11:38:01","slug":"noceti-aseguro-que-la-ucr-mira-todo-con-un-sesgo-electoralista","status":"publish","type":"post","link":"https:\/\/notinor.com\/jujuy\/noceti-aseguro-que-la-ucr-mira-todo-con-un-sesgo-electoralista\/","title":{"rendered":"Noceti asegur\u00f3 que la UCR mira todo con un sesgo electoralista"},"content":{"rendered":"<p class=\"ecxMsoNormal\"><b><i><span lang=\"ES-AR\">El Diputado provincial Jorge Noceti, del bloque del Partido Justicialista (PJ), sali\u00f3 al cruce de los cuestionamientos que viene realizando la UCR en relaci\u00f3n a la seguridad p\u00fablica y relativiz\u00f3 los n\u00fameros arrojados por un informe elaborado por el Instituto de Pol\u00edticas P\u00fablicas (IPP) en cuanto al \u201cnivel\u201d de inseguridad en la provincia, al aducir que el mismo es el resultante de un estudio efectuado por un \u00f3rgano perteneciente al partido de la oposici\u00f3n.<\/span><\/i><\/b><\/p>\n<p class=\"ecxMsoNormal\"><a href=\"http:\/\/notinor.com\/jujuy\/wp-content\/uploads\/2015\/05\/notinor.-noceti.png\"><img decoding=\"async\" loading=\"lazy\" class=\"alignnone size-medium wp-image-28024\" src=\"http:\/\/notinor.com\/jujuy\/wp-content\/uploads\/2015\/05\/notinor.-noceti-300x283.png\" alt=\"notinor. noceti\" width=\"300\" height=\"283\" srcset=\"https:\/\/notinor.com\/jujuy\/wp-content\/uploads\/2015\/05\/notinor.-noceti-300x283.png 300w, https:\/\/notinor.com\/jujuy\/wp-content\/uploads\/2015\/05\/notinor.-noceti.png 443w\" sizes=\"(max-width: 300px) 100vw, 300px\" \/><\/a><\/p>\n<p class=\"ecxMsoNormal\"><span lang=\"ES-AR\">\u201cEste Instituto es una herramienta de la UCR y, por lo tanto, el estudio que pretenden socializar tiene una dudosa objetividad. Sinceramente, ese trabajo nos abre la duda por el sesgo partidario y la conveniencia pol\u00edtica que tienen sus conclusiones\u201d, remarc\u00f3 a la vez de refutar todas las conclusiones emanadas del informe radical en relaci\u00f3n al controversial tema de la inseguridad.<\/span><\/p>\n<p class=\"ecxMsoNormal\"><span lang=\"ES-AR\">\u201cSe ha hecho mucho en materia de seguridad\u201d, asegur\u00f3 durante su alocuci\u00f3n en la \u00faltima sesi\u00f3n ordinaria celebrada por la Legislatura, en donde el PJ recogi\u00f3 el guante y devolvi\u00f3 con encendidas r\u00e9plicas cada golpe que intent\u00f3 propinar la bancada opositora. Tras desestimar las denuncias que viene realizando el radicalismo por este tema, Noceti pas\u00f3 a detallar las distintas medidas y acciones llevadas adelante por el gobierno provincial.<\/span><\/p>\n<p class=\"ecxMsoNormal\"><span lang=\"ES-AR\">\u201cLos indicadores que existe, todos ellos comprobables y reales, nos permiten aseverar que en Jujuy existe una pol\u00edtica de seguridad definida\u201d, remarc\u00f3 y aclar\u00f3 que ello no implica negar que todav\u00eda falta mucho por hacer, pero advirti\u00f3 que en el tema seguridad se necesita el compromiso y el trabajo de todos los sectores que incursionan en pol\u00edtica, incluyendo a la oposici\u00f3n.<\/span><\/p>\n<p class=\"ecxMsoNormal\"><span lang=\"ES-AR\">Luego, el legislador justicialista inform\u00f3 con lujo de detalles las diversas acciones ejecutadas por el gobierno de Jujuy para brindar el servicio de seguridad con la mayor eficiencia posible.\u00a0 Relat\u00f3 que actualmente la Polic\u00eda de la Provincia cuenta con 7.500 efectivos, es decir un polic\u00eda por cada cien habitantes, siendo uno de los \u00edndices -relaci\u00f3n efectivos poblaci\u00f3n m\u00e1s altos del pa\u00eds.<\/span><\/p>\n<p class=\"ecxMsoNormal\"><span lang=\"ES-AR\">En ese marco, cont\u00f3 que la fuerza de seguridad ha capacitado el a\u00f1o pasado a 3 mil personas para el funcionamiento del sistema de autoprotecci\u00f3n, conocido como alarmas comunitarias, que permite que el propio barrio haga de contenci\u00f3n a los problemas de inseguridad que puedan llegar a presentarse.<\/span><\/p>\n<p class=\"ecxMsoNormal\"><span lang=\"ES-AR\">Asimismo, mencion\u00f3 que el sistema de emergencias del 911 cuenta con 47 c\u00e1maras distribuidas en puntos estrat\u00e9gicos de la capital juje\u00f1a, 11 en Perico y 22 en Palpal\u00e1. En tal sentido, Noceti aclar\u00f3 que las c\u00e1maras que est\u00e1n instaladas en la ciudad tabacalera y en la ciudad sider\u00fargica fueron adquiridas por sus respectivos municipios.<\/span><\/p>\n<p class=\"ecxMsoNormal\"><span lang=\"ES-AR\">\u201cPor ello dec\u00eda que en este tema nos tenemos que involucrar todos. Y hago \u00e9nfasis en esto porque hay que se\u00f1alar que ninguna de las 47 c\u00e1maras que existen en San Salvador de Jujuy fue aportada por el municipio local. Entonces la pregunta es qu\u00e9 hace el intendente Ra\u00fal Jorge que no ayuda ni brinda apoyo al sistema de seguridad de la ciudad que conduce\u201d, se interrog\u00f3.<\/span><\/p>\n<p class=\"ecxMsoNormal\"><span lang=\"ES-AR\">Tras dar el valor estimado de lo que cuesta una c\u00e1mara de seguridad, que rondar\u00eda los 100 mil pesos, sugiri\u00f3 que el intendente Jorge podr\u00eda colaborar para corregir el problema de fondo que se\u00f1ala en su informe el IPP radical.<\/span><\/p>\n<p class=\"ecxMsoNormal\"><span lang=\"ES-AR\">\u00a0<\/span><\/p>\n<p class=\"ecxMsoNormal\"><b><span lang=\"ES-AR\">Datos precisos sobre las acciones en materia de seguridad<\/span><\/b><\/p>\n<p class=\"ecxMsoNormal\"><span lang=\"ES-AR\">Entre los datos que aport\u00f3 el legislador del PJ, sobresalieron el vinculado al 911, que en 2014 el sistema de emergencia recibi\u00f3 63.800 llamadas, de las cuales un 60% fueron las denominadas basura, es decir que no tienen la trascendencia de la emergencia que amerita el sistema, mientras que la respuestas tuvieron un tiempo promedio de 8 minutos.<\/span><\/p>\n<p class=\"ecxMsoNormal\"><span lang=\"ES-AR\">\u201cEn el transcurso de 2013 se produjeron en total 39 homicidios dolosos en la provincia, en 2014 el n\u00famero descendi\u00f3 a 25, y en lo que va del a\u00f1o en curso el n\u00famero asciende a 11. En la comparaci\u00f3n, uno advierte una disminuci\u00f3n y ello es producto de la presencia policial en las calles de Jujuy\u201d, acot\u00f3.<\/span><\/p>\n<p class=\"ecxMsoNormal\"><span lang=\"ES-AR\">\u201cEn 2014 se han clausurado 52 bocas de expendio de drogas y se han secuestrado 4.445 dosis de coca\u00edna y pasta base. Tambi\u00e9n se secuestraron 94 motoveh\u00edculos y automotores vinculados al tr\u00e1fico de drogas, adem\u00e1s de 267 mil pesos de estos delincuentes, y 37.545 gramos de coca\u00edna y pasta base\u201d.<\/span><\/p>\n<p class=\"ecxMsoNormal\"><span lang=\"ES-AR\">\u201cEstas cifras est\u00e1n a disposici\u00f3n en el Ministerio de Gobierno y Justicia, pero no tienen la valoraci\u00f3n que deber\u00edan tener y que no se miran porque todo est\u00e1 observado por el sesgo de un a\u00f1o electoral\u201d, finaliz\u00f3.<\/span><\/p>\n","protected":false},"excerpt":{"rendered":"<p>El Diputado provincial Jorge Noceti, del bloque del Partido Justicialista (PJ), sali\u00f3 al cruce de los cuestionamientos que viene realizando la UCR en relaci\u00f3n a la seguridad p\u00fablica y relativiz\u00f3 los n\u00fameros arrojados por un informe elaborado por el Instituto de Pol\u00edticas P\u00fablicas (IPP) en cuanto al \u201cnivel\u201d de inseguridad en la provincia, al aducir [&hellip;]<\/p>\n","protected":false},"author":1,"featured_media":28024,"comment_status":"open","ping_status":"open","sticky":false,"template":"","format":"standard","meta":{"_stopmodifiedupdate":false,"_modified_date":"","inline_featured_image":false,"spay_email":"","jetpack_publicize_message":""},"categories":[485],"tags":[],"jetpack_featured_media_url":"https:\/\/notinor.com\/jujuy\/wp-content\/uploads\/2015\/05\/notinor.-noceti.png","jetpack_publicize_connections":[],"_links":{"self":[{"href":"https:\/\/notinor.com\/jujuy\/wp-json\/wp\/v2\/posts\/28023"}],"collection":[{"href":"https:\/\/notinor.com\/jujuy\/wp-json\/wp\/v2\/posts"}],"about":[{"href":"https:\/\/notinor.com\/jujuy\/wp-json\/wp\/v2\/types\/post"}],"author":[{"embeddable":true,"href":"https:\/\/notinor.com\/jujuy\/wp-json\/wp\/v2\/users\/1"}],"replies":[{"embeddable":true,"href":"https:\/\/notinor.com\/jujuy\/wp-json\/wp\/v2\/comments?post=28023"}],"version-history":[{"count":1,"href":"https:\/\/notinor.com\/jujuy\/wp-json\/wp\/v2\/posts\/28023\/revisions"}],"predecessor-version":[{"id":28025,"href":"https:\/\/notinor.com\/jujuy\/wp-json\/wp\/v2\/posts\/28023\/revisions\/28025"}],"wp:featuredmedia":[{"embeddable":true,"href":"https:\/\/notinor.com\/jujuy\/wp-json\/wp\/v2\/media\/28024"}],"wp:attachment":[{"href":"https:\/\/notinor.com\/jujuy\/wp-json\/wp\/v2\/media?parent=28023"}],"wp:term":[{"taxonomy":"category","embeddable":true,"href":"https:\/\/notinor.com\/jujuy\/wp-json\/wp\/v2\/categories?post=28023"},{"taxonomy":"post_tag","embeddable":true,"href":"https:\/\/notinor.com\/jujuy\/wp-json\/wp\/v2\/tags?post=28023"}],"curies":[{"name":"wp","href":"https:\/\/api.w.org\/{rel}","templated":true}]}}