{"id":28016,"date":"2015-05-20T08:24:42","date_gmt":"2015-05-20T11:24:42","guid":{"rendered":"http:\/\/notinor.com\/jujuy\/?p=28016"},"modified":"2015-05-20T08:27:18","modified_gmt":"2015-05-20T11:27:18","slug":"el-gobierno-desalojo-a-la-corriente-del-pueblo-de-la-plaza","status":"publish","type":"post","link":"https:\/\/notinor.com\/jujuy\/el-gobierno-desalojo-a-la-corriente-del-pueblo-de-la-plaza\/","title":{"rendered":"El gobierno desaloj\u00f3 a la Corriente del Pueblo de la plaza"},"content":{"rendered":"<p>&nbsp;<\/p>\n<figure id=\"attachment_28017\" aria-describedby=\"caption-attachment-28017\" style=\"width: 300px\" class=\"wp-caption alignnone\"><a href=\"http:\/\/notinor.com\/jujuy\/wp-content\/uploads\/2015\/05\/IMG-20150520-WA0001.jpg\"><img decoding=\"async\" loading=\"lazy\" class=\"wp-image-28017 size-medium\" src=\"http:\/\/notinor.com\/jujuy\/wp-content\/uploads\/2015\/05\/IMG-20150520-WA0001-300x168.jpg\" alt=\"IMG-20150520-WA0001\" width=\"300\" height=\"168\" srcset=\"https:\/\/notinor.com\/jujuy\/wp-content\/uploads\/2015\/05\/IMG-20150520-WA0001-300x168.jpg 300w, https:\/\/notinor.com\/jujuy\/wp-content\/uploads\/2015\/05\/IMG-20150520-WA0001-1024x576.jpg 1024w, https:\/\/notinor.com\/jujuy\/wp-content\/uploads\/2015\/05\/IMG-20150520-WA0001-199x112.jpg 199w, https:\/\/notinor.com\/jujuy\/wp-content\/uploads\/2015\/05\/IMG-20150520-WA0001-616x345.jpg 616w, https:\/\/notinor.com\/jujuy\/wp-content\/uploads\/2015\/05\/IMG-20150520-WA0001-900x506.jpg 900w, https:\/\/notinor.com\/jujuy\/wp-content\/uploads\/2015\/05\/IMG-20150520-WA0001.jpg 1280w\" sizes=\"(max-width: 300px) 100vw, 300px\" \/><\/a><figcaption id=\"caption-attachment-28017\" class=\"wp-caption-text\">Cr\u00e9dito: Corriente del Pueblo<\/figcaption><\/figure>\n<p>De esta manera los manifestantes (50) dejaron las plaza, reiterando sus reclamos desde esta ma\u00f1ana, donde ratifican el pedido de asistencia social, inclusi\u00f3n en beneficios universales e integraci\u00f3n en pol\u00edticas de promoci\u00f3n social.<\/p>\n<figure id=\"attachment_28018\" aria-describedby=\"caption-attachment-28018\" style=\"width: 300px\" class=\"wp-caption alignnone\"><a href=\"http:\/\/notinor.com\/jujuy\/wp-content\/uploads\/2015\/05\/IMG-20150520-WA0002.jpg\"><img decoding=\"async\" loading=\"lazy\" class=\"wp-image-28018 size-medium\" src=\"http:\/\/notinor.com\/jujuy\/wp-content\/uploads\/2015\/05\/IMG-20150520-WA0002-300x168.jpg\" alt=\"IMG-20150520-WA0002\" width=\"300\" height=\"168\" srcset=\"https:\/\/notinor.com\/jujuy\/wp-content\/uploads\/2015\/05\/IMG-20150520-WA0002-300x168.jpg 300w, https:\/\/notinor.com\/jujuy\/wp-content\/uploads\/2015\/05\/IMG-20150520-WA0002-1024x576.jpg 1024w, https:\/\/notinor.com\/jujuy\/wp-content\/uploads\/2015\/05\/IMG-20150520-WA0002-199x112.jpg 199w, https:\/\/notinor.com\/jujuy\/wp-content\/uploads\/2015\/05\/IMG-20150520-WA0002-616x345.jpg 616w, https:\/\/notinor.com\/jujuy\/wp-content\/uploads\/2015\/05\/IMG-20150520-WA0002-900x506.jpg 900w, https:\/\/notinor.com\/jujuy\/wp-content\/uploads\/2015\/05\/IMG-20150520-WA0002.jpg 1280w\" sizes=\"(max-width: 300px) 100vw, 300px\" \/><\/a><figcaption id=\"caption-attachment-28018\" class=\"wp-caption-text\">Cr\u00e9dito: Corriente del Pueblo<\/figcaption><\/figure>\n<p>Peralta realiz\u00f3 una dura acusaci\u00f3n a la Directora \u00a0de Desarrollo Social Adriana Magdaleno, al sostener que es discrecional su tarea acotando la asistencia que la Corriente del Pueblo demanda. Desde la organizaci\u00f3n social aseguraron que continuar\u00e1n ejerciendo sus derechos a reclamar por igualdad y equidad, no descartan nuevas medidas de fuerza si no son evacuadas las solicitudes.<\/p>\n<p>&nbsp;<\/p>\n","protected":false},"excerpt":{"rendered":"<p>&nbsp; De esta manera los manifestantes (50) dejaron las plaza, reiterando sus reclamos desde esta ma\u00f1ana, donde ratifican el pedido de asistencia social, inclusi\u00f3n en beneficios universales e integraci\u00f3n en pol\u00edticas de promoci\u00f3n social. Peralta realiz\u00f3 una dura acusaci\u00f3n a la Directora \u00a0de Desarrollo Social Adriana Magdaleno, al sostener que es discrecional su tarea acotando [&hellip;]<\/p>\n","protected":false},"author":1,"featured_media":28017,"comment_status":"open","ping_status":"open","sticky":false,"template":"","format":"standard","meta":{"_stopmodifiedupdate":false,"_modified_date":"","inline_featured_image":false,"spay_email":"","jetpack_publicize_message":""},"categories":[485],"tags":[],"jetpack_featured_media_url":"https:\/\/notinor.com\/jujuy\/wp-content\/uploads\/2015\/05\/IMG-20150520-WA0001.jpg","jetpack_publicize_connections":[],"_links":{"self":[{"href":"https:\/\/notinor.com\/jujuy\/wp-json\/wp\/v2\/posts\/28016"}],"collection":[{"href":"https:\/\/notinor.com\/jujuy\/wp-json\/wp\/v2\/posts"}],"about":[{"href":"https:\/\/notinor.com\/jujuy\/wp-json\/wp\/v2\/types\/post"}],"author":[{"embeddable":true,"href":"https:\/\/notinor.com\/jujuy\/wp-json\/wp\/v2\/users\/1"}],"replies":[{"embeddable":true,"href":"https:\/\/notinor.com\/jujuy\/wp-json\/wp\/v2\/comments?post=28016"}],"version-history":[{"count":2,"href":"https:\/\/notinor.com\/jujuy\/wp-json\/wp\/v2\/posts\/28016\/revisions"}],"predecessor-version":[{"id":28020,"href":"https:\/\/notinor.com\/jujuy\/wp-json\/wp\/v2\/posts\/28016\/revisions\/28020"}],"wp:featuredmedia":[{"embeddable":true,"href":"https:\/\/notinor.com\/jujuy\/wp-json\/wp\/v2\/media\/28017"}],"wp:attachment":[{"href":"https:\/\/notinor.com\/jujuy\/wp-json\/wp\/v2\/media?parent=28016"}],"wp:term":[{"taxonomy":"category","embeddable":true,"href":"https:\/\/notinor.com\/jujuy\/wp-json\/wp\/v2\/categories?post=28016"},{"taxonomy":"post_tag","embeddable":true,"href":"https:\/\/notinor.com\/jujuy\/wp-json\/wp\/v2\/tags?post=28016"}],"curies":[{"name":"wp","href":"https:\/\/api.w.org\/{rel}","templated":true}]}}