{"id":28012,"date":"2015-05-20T05:19:14","date_gmt":"2015-05-20T08:19:14","guid":{"rendered":"http:\/\/notinor.com\/jujuy\/?p=28012"},"modified":"2015-05-20T05:19:14","modified_gmt":"2015-05-20T08:19:14","slug":"reordenamiento-vehicular-en-av-cordoba-gral-paz-salta","status":"publish","type":"post","link":"https:\/\/notinor.com\/jujuy\/reordenamiento-vehicular-en-av-cordoba-gral-paz-salta\/","title":{"rendered":"Reordenamiento vehicular en Av. C\u00f3rdoba - Gral. Paz- Salta"},"content":{"rendered":"<p>Junto a los Secretarios de Obras P\u00fablicas, Arq. Aldo Montiel, de Servicios P\u00fablicos, Guillermo Marenco, el Intendente \u201cChuli\u201d Jorge supervis\u00f3 los ordenadores de tr\u00e1nsito que se enmarcan en el Plan Integral de Reordenamiento del Tr\u00e1nsito (PIRTRA), llevados a cabo por personal municipal dependiente de ambas Secretarias, en intersecci\u00f3n de la rotonda de Avenida C\u00f3rdoba, calles General Paz y Salta.<\/p>\n<p>&nbsp;<\/p>\n<p>Consultado sobre el avance de las tareas, el Mandatario Municipal, expres\u00f3 \u00a0\u201ctenemos lugares en la ciudad que por sus caracter\u00edsticas nos permite decir que debemos trabajarlo activamente para permitir un tr\u00e1nsito m\u00e1s fluido y m\u00e1s seguro para los peatones, veh\u00edculos y en este caso para los colectivos\u201d.<\/p>\n<p>&nbsp;<\/p>\n<p>Puntualiz\u00f3 el Intendente Ra\u00fal Jorge que \u201cvamos a implementar carriles exclusivos- selectivos para que el tr\u00e1nsito de colectivos se pueda producir ordenadamente y tambi\u00e9n con el sistema de semaforizaci\u00f3n que \u00a0permitir\u00e1 cruces seguros, \u00a0teniendo en cuenta la confluencia del Hospital Pablo Soria, el Colegio El Salvador, el Parque San Mart\u00edn, es decir, lugares de gran atractivo y de gran demanda para cruces ordenados\u201d.<\/p>\n<p>&nbsp;<\/p>\n<p>Al referirse a los detalles de la obra, Guillermo Marenco, explic\u00f3 \u201cse avanza a pasos firmes el Plan Integral de Reordenamiento de Tr\u00e1nsito en la ciudad de San Salvador de Jujuy, implementando tecnolog\u00eda moderna con el tema de los separadores de trocha tipo baguete, \u00a0y aprovechando al m\u00e1ximo la transitabilidad y la agilizaci\u00f3n del tr\u00e1nsito dentro de los nudos neur\u00e1lgicos que tenemos en la ciudad, \u00a0a los efectos de que los vecinos se puedan desplazar mucho m\u00e1s f\u00e1cil y r\u00e1pidamente\u201d.<\/p>\n<p>&nbsp;<\/p>\n<p>Aclar\u00f3 adem\u00e1s \u201cen la zona de Avenida C\u00f3rdoba, intersecci\u00f3n con General Paz y prosecuci\u00f3n de Calle Salta, se est\u00e1 ejecutando un conducto de viabilizaci\u00f3n \u00a0de tr\u00e1nsito en forma directa, en lo que es desembocadura de Avenida C\u00f3rdoba, \u00a0que va se nutrir\u00e1 de una transitabilidad en l\u00ednea recta hacia calle Salta, \u00a0con una semaforizaci\u00f3n de tres tiempos dentro de lo que es la intersecci\u00f3n de la\u00a0 calle General Paz- Avenida C\u00f3rdoba y calle Salta\u201d.<\/p>\n<p>&nbsp;<\/p>\n<p>\u201cDe manera que en esta zona, se pueda obtener agilidad de tr\u00e1nsito y podamos permitirle al peat\u00f3n tener los cruces peatonales necesarios, teniendo en cuenta de que es una intersecci\u00f3n \u00a0donde convergen un colegio secundario donde asisten mayor cantidad de ni\u00f1os y padres y la proximidad de las Guardia del Hospital Pablo Soria\u201d.<\/p>\n","protected":false},"excerpt":{"rendered":"<p>Junto a los Secretarios de Obras P\u00fablicas, Arq. Aldo Montiel, de Servicios P\u00fablicos, Guillermo Marenco, el Intendente \u201cChuli\u201d Jorge supervis\u00f3 los ordenadores de tr\u00e1nsito que se enmarcan en el Plan Integral de Reordenamiento del Tr\u00e1nsito (PIRTRA), llevados a cabo por personal municipal dependiente de ambas Secretarias, en intersecci\u00f3n de la rotonda de Avenida C\u00f3rdoba, calles [&hellip;]<\/p>\n","protected":false},"author":1,"featured_media":28013,"comment_status":"open","ping_status":"open","sticky":false,"template":"","format":"standard","meta":{"_stopmodifiedupdate":false,"_modified_date":"","inline_featured_image":false,"spay_email":"","jetpack_publicize_message":""},"categories":[2],"tags":[],"jetpack_featured_media_url":"https:\/\/notinor.com\/jujuy\/wp-content\/uploads\/2015\/05\/reordenamiento-transito-av-cordoba-3.jpg","jetpack_publicize_connections":[],"_links":{"self":[{"href":"https:\/\/notinor.com\/jujuy\/wp-json\/wp\/v2\/posts\/28012"}],"collection":[{"href":"https:\/\/notinor.com\/jujuy\/wp-json\/wp\/v2\/posts"}],"about":[{"href":"https:\/\/notinor.com\/jujuy\/wp-json\/wp\/v2\/types\/post"}],"author":[{"embeddable":true,"href":"https:\/\/notinor.com\/jujuy\/wp-json\/wp\/v2\/users\/1"}],"replies":[{"embeddable":true,"href":"https:\/\/notinor.com\/jujuy\/wp-json\/wp\/v2\/comments?post=28012"}],"version-history":[{"count":1,"href":"https:\/\/notinor.com\/jujuy\/wp-json\/wp\/v2\/posts\/28012\/revisions"}],"predecessor-version":[{"id":28014,"href":"https:\/\/notinor.com\/jujuy\/wp-json\/wp\/v2\/posts\/28012\/revisions\/28014"}],"wp:featuredmedia":[{"embeddable":true,"href":"https:\/\/notinor.com\/jujuy\/wp-json\/wp\/v2\/media\/28013"}],"wp:attachment":[{"href":"https:\/\/notinor.com\/jujuy\/wp-json\/wp\/v2\/media?parent=28012"}],"wp:term":[{"taxonomy":"category","embeddable":true,"href":"https:\/\/notinor.com\/jujuy\/wp-json\/wp\/v2\/categories?post=28012"},{"taxonomy":"post_tag","embeddable":true,"href":"https:\/\/notinor.com\/jujuy\/wp-json\/wp\/v2\/tags?post=28012"}],"curies":[{"name":"wp","href":"https:\/\/api.w.org\/{rel}","templated":true}]}}