{"id":28009,"date":"2015-05-20T05:09:26","date_gmt":"2015-05-20T08:09:26","guid":{"rendered":"http:\/\/notinor.com\/jujuy\/?p=28009"},"modified":"2015-05-20T05:09:26","modified_gmt":"2015-05-20T08:09:26","slug":"1-festival-del-locro-sabores-de-mi-patria","status":"publish","type":"post","link":"https:\/\/notinor.com\/jujuy\/1-festival-del-locro-sabores-de-mi-patria\/","title":{"rendered":"1 Festival del locro\u2013 Sabores de mi patria"},"content":{"rendered":"<p>Se llevara a cabo el s\u00e1bado 23 de Mayo, en las instalaciones del Centro Cultural Manuel Belgrano (ex vieja estaci\u00f3n).<\/p>\n<p>&nbsp;<\/p>\n<p>El evento nace por iniciativa de la Direcci\u00f3n de Turismo conjuntamente con la Direccion de Cultura y la participaci\u00f3n de las diferentes Instituciones Gauchas de la regi\u00f3n de los Valles con el acompa\u00f1amiento de los emprendedores.El festival tiene como objetivo reconocer <strong>EL LOCRO JUJE\u00d1O<\/strong>\u00a0 cuyo origen se remonta\u00a0 la \u00e9poca de la lucha por la Independencia, se sirve de manera permanente en la mesa familiar y restaurantes Juje\u00f1os.<\/p>\n<p>Con variados ingredientes son preparados seg\u00fan la tradici\u00f3n o costumbre de las familias juje\u00f1as. Se distinguen por sobre las otras de provincias vecinas, por su\u00a0 sabor caracter\u00edstico y constituyen as\u00ed en patrimonio gastron\u00f3mico de Jujuy, por su historia, sabor, color y aroma t\u00edpico. En eventos festivos, tradicionalista y familiares; motivo de reuni\u00f3n y uni\u00f3n de familiar<\/p>\n<p>El festival es de car\u00e1cter Cultural y Tradicionalista<\/p>\n<p>&nbsp;<\/p>\n<p>Las actividades del FESTIVAL inician a partir del mediod\u00eda de 12:00 a 20:00 hs.<\/p>\n<ul>\n<li>Recepci\u00f3n y armado de stand<\/li>\n<li>Almuerzo Criollo plato principal\u00a0 \u201cLocro\u201d<\/li>\n<li>Comidas Regionales: degustarse de empanadas, tamales, mazamorra, dulce de cayote con nueces, quesillo con miel de ca\u00f1a, bu\u00f1uelos, empanadillas, pastelitos, pan casero hacia todos los asistentes.<\/li>\n<li>Actuaci\u00f3n de grupo de danzas folcl\u00f3ricos<\/li>\n<li>Patio Criollo Actuar\u00e1n: Grupos Juje\u00f1os folcl\u00f3ricos: \u201cElsa Tapia y Los Duendes de la Copla\u201d \u2013 \u201cLos Amarantitos\u201d entre otros.-<\/li>\n<li>Cierre<\/li>\n<\/ul>\n<p>&nbsp;<\/p>\n","protected":false},"excerpt":{"rendered":"<p>Se llevara a cabo el s\u00e1bado 23 de Mayo, en las instalaciones del Centro Cultural Manuel Belgrano (ex vieja estaci\u00f3n). &nbsp; El evento nace por iniciativa de la Direcci\u00f3n de Turismo conjuntamente con la Direccion de Cultura y la participaci\u00f3n de las diferentes Instituciones Gauchas de la regi\u00f3n de los Valles con el acompa\u00f1amiento de [&hellip;]<\/p>\n","protected":false},"author":1,"featured_media":28010,"comment_status":"open","ping_status":"open","sticky":false,"template":"","format":"standard","meta":{"_stopmodifiedupdate":false,"_modified_date":"","inline_featured_image":false,"spay_email":"","jetpack_publicize_message":""},"categories":[13],"tags":[],"jetpack_featured_media_url":"https:\/\/notinor.com\/jujuy\/wp-content\/uploads\/2015\/05\/Locro1.jpg","jetpack_publicize_connections":[],"_links":{"self":[{"href":"https:\/\/notinor.com\/jujuy\/wp-json\/wp\/v2\/posts\/28009"}],"collection":[{"href":"https:\/\/notinor.com\/jujuy\/wp-json\/wp\/v2\/posts"}],"about":[{"href":"https:\/\/notinor.com\/jujuy\/wp-json\/wp\/v2\/types\/post"}],"author":[{"embeddable":true,"href":"https:\/\/notinor.com\/jujuy\/wp-json\/wp\/v2\/users\/1"}],"replies":[{"embeddable":true,"href":"https:\/\/notinor.com\/jujuy\/wp-json\/wp\/v2\/comments?post=28009"}],"version-history":[{"count":1,"href":"https:\/\/notinor.com\/jujuy\/wp-json\/wp\/v2\/posts\/28009\/revisions"}],"predecessor-version":[{"id":28011,"href":"https:\/\/notinor.com\/jujuy\/wp-json\/wp\/v2\/posts\/28009\/revisions\/28011"}],"wp:featuredmedia":[{"embeddable":true,"href":"https:\/\/notinor.com\/jujuy\/wp-json\/wp\/v2\/media\/28010"}],"wp:attachment":[{"href":"https:\/\/notinor.com\/jujuy\/wp-json\/wp\/v2\/media?parent=28009"}],"wp:term":[{"taxonomy":"category","embeddable":true,"href":"https:\/\/notinor.com\/jujuy\/wp-json\/wp\/v2\/categories?post=28009"},{"taxonomy":"post_tag","embeddable":true,"href":"https:\/\/notinor.com\/jujuy\/wp-json\/wp\/v2\/tags?post=28009"}],"curies":[{"name":"wp","href":"https:\/\/api.w.org\/{rel}","templated":true}]}}