{"id":280089,"date":"2020-12-15T15:17:06","date_gmt":"2020-12-15T18:17:06","guid":{"rendered":"https:\/\/notinor.com\/jujuy\/?p=280089"},"modified":"2020-12-15T15:18:43","modified_gmt":"2020-12-15T18:18:43","slug":"reunion-entre-el-sindicato-de-trabajadores-de-ferias-y-el-vicegobernador-carlos-haquim","status":"publish","type":"post","link":"https:\/\/notinor.com\/jujuy\/reunion-entre-el-sindicato-de-trabajadores-de-ferias-y-el-vicegobernador-carlos-haquim\/","title":{"rendered":"Reuni\u00f3n entre el Sindicato de Trabajadores de Ferias y el vicegobernador Carlos Haquim"},"content":{"rendered":"\n<p>El sindicato fue creado en 2019 y planea desembarcar en Jujuy para incorporar a los trabajadores informales de las ferias.<\/p>\n\n\n\n<figure class=\"wp-block-image size-large\"><img decoding=\"async\" loading=\"lazy\" width=\"719\" height=\"480\" src=\"https:\/\/notinor.com\/jujuy\/wp-content\/uploads\/2020\/12\/reunion-haquim-719x480.jpg\" alt=\"\" class=\"wp-image-280090\" srcset=\"https:\/\/notinor.com\/jujuy\/wp-content\/uploads\/2020\/12\/reunion-haquim-719x480.jpg 719w, https:\/\/notinor.com\/jujuy\/wp-content\/uploads\/2020\/12\/reunion-haquim-547x365.jpg 547w, https:\/\/notinor.com\/jujuy\/wp-content\/uploads\/2020\/12\/reunion-haquim-768x512.jpg 768w, https:\/\/notinor.com\/jujuy\/wp-content\/uploads\/2020\/12\/reunion-haquim-1536x1025.jpg 1536w, https:\/\/notinor.com\/jujuy\/wp-content\/uploads\/2020\/12\/reunion-haquim-2048x1367.jpg 2048w, https:\/\/notinor.com\/jujuy\/wp-content\/uploads\/2020\/12\/reunion-haquim-750x500.jpg 750w, https:\/\/notinor.com\/jujuy\/wp-content\/uploads\/2020\/12\/reunion-haquim-1140x761.jpg 1140w\" sizes=\"(max-width: 719px) 100vw, 719px\" \/><\/figure>\n\n\n\n<p>Acompa\u00f1ado por al diputado Gaspar Santill\u00e1n, el vicegobernador y presidente de la Legislatura, Carlos Haquim, recibi\u00f3 a representantes del <strong>Sindicato \u00danico de Trabajadores de Ferias de la Rep\u00fablica Argentina (SUTFRA).<\/strong> \u201cNuestra idea es desembarcar en la provincia y hemos obtenido un recibimiento muy bueno por parte del se\u00f1or vicegobernador\u201d, se\u00f1al\u00f3 <strong>Walter Godoy, secretario general del sindicato.<\/strong><\/p>\n\n\n\n<p>El sindicato, aprobado por el Gobierno Nacional en septiembre del a\u00f1o 2019, busca incorporar al sistema a m\u00e1s de cinco millones de feriantes, que representan el mayor porcentaje de la econom\u00eda informal del pa\u00eds. Al respecto, <strong>Santill\u00e1n <\/strong>se\u00f1al\u00f3 \u201cvinieron a informarnos y a comentarnos sobre la creaci\u00f3n del sindicato, de qu\u00e9 formas se estaban organizando y, tambi\u00e9n, a pedirnos el acompa\u00f1amiento. Tanto el vicegobernador, como qui\u00e9n les habla, entendemos que es bienvenido que se organicen como trabajadores y que se sindicalicen, ya que son muchos quienes trabajan en esa actividad y que no tienen cobertura social, obra social, servicio de sepelio, condiciones laborales, distintas cuestiones que hacen a la actividad de cada uno\u201d.<\/p>\n\n\n\n<p>Haciendo un balance de la Reuni\u00f3n, el legislador declar\u00f3 \u201ccelebramos la organizaci\u00f3n y los vamos a acompa\u00f1ar en todo lo que sea posible, entendiendo que son trabajadores y que tienen que tener un respaldo. Las ferias de Jujuy son innumerables y muchos de sus trabajadores no tienen coberturas o garant\u00edas, es importante la creaci\u00f3n del sindicato en la medida en que los respalde\u201d.<\/p>\n\n\n\n<p>Por su parte, Godoy expres\u00f3 \u201chemos obtenido un recibimiento muy bueno por parte del se\u00f1or vicegobernador. A partir de ahora es empezar una campa\u00f1a de regularizaci\u00f3n, por primera vez en la historia, de una actividad tan emblem\u00e1tica, tan antigua. Nuestro representante provincial va a estar en contacto con la secretar\u00eda de la vice gobernaci\u00f3n para empezar en conjunto a articular los pasos a seguir de aqu\u00ed en m\u00e1s. El sindicato est\u00e1 empezando, queremos ser un sindicato del siglo XXI, con otras formas. El Parlasur el a\u00f1o pasado no dijo que el sindicato de puesteros, como lo llamamos, es el paradigma del sindicalismo en la regi\u00f3n, por nuclear, por primera vez en la historia, esta actividad\u201d.<\/p>\n\n\n\n<figure class=\"wp-block-image size-large\"><img decoding=\"async\" src=\"https:\/\/www.legislaturajujuy.gov.ar\/img\/fotografias\/0-09931500-1608052546-DSC_6595.JPG\" alt=\"\"\/><figcaption>Walter Godoy, secretario general de SUTFRA.<\/figcaption><\/figure>\n","protected":false},"excerpt":{"rendered":"<p>El sindicato fue creado en 2019 y planea desembarcar en Jujuy para incorporar a los trabajadores informales de las ferias. Acompa\u00f1ado por al diputado Gaspar Santill\u00e1n, el vicegobernador y presidente de la Legislatura, Carlos Haquim, recibi\u00f3 a representantes del Sindicato \u00danico de Trabajadores de Ferias de la Rep\u00fablica Argentina (SUTFRA). \u201cNuestra idea es desembarcar en [&hellip;]<\/p>\n","protected":false},"author":1,"featured_media":280090,"comment_status":"open","ping_status":"open","sticky":false,"template":"","format":"standard","meta":{"_stopmodifiedupdate":false,"_modified_date":"","inline_featured_image":false,"spay_email":"","jetpack_publicize_message":""},"categories":[2,501],"tags":[],"jetpack_featured_media_url":"https:\/\/notinor.com\/jujuy\/wp-content\/uploads\/2020\/12\/reunion-haquim-scaled.jpg","jetpack_publicize_connections":[],"_links":{"self":[{"href":"https:\/\/notinor.com\/jujuy\/wp-json\/wp\/v2\/posts\/280089"}],"collection":[{"href":"https:\/\/notinor.com\/jujuy\/wp-json\/wp\/v2\/posts"}],"about":[{"href":"https:\/\/notinor.com\/jujuy\/wp-json\/wp\/v2\/types\/post"}],"author":[{"embeddable":true,"href":"https:\/\/notinor.com\/jujuy\/wp-json\/wp\/v2\/users\/1"}],"replies":[{"embeddable":true,"href":"https:\/\/notinor.com\/jujuy\/wp-json\/wp\/v2\/comments?post=280089"}],"version-history":[{"count":2,"href":"https:\/\/notinor.com\/jujuy\/wp-json\/wp\/v2\/posts\/280089\/revisions"}],"predecessor-version":[{"id":280092,"href":"https:\/\/notinor.com\/jujuy\/wp-json\/wp\/v2\/posts\/280089\/revisions\/280092"}],"wp:featuredmedia":[{"embeddable":true,"href":"https:\/\/notinor.com\/jujuy\/wp-json\/wp\/v2\/media\/280090"}],"wp:attachment":[{"href":"https:\/\/notinor.com\/jujuy\/wp-json\/wp\/v2\/media?parent=280089"}],"wp:term":[{"taxonomy":"category","embeddable":true,"href":"https:\/\/notinor.com\/jujuy\/wp-json\/wp\/v2\/categories?post=280089"},{"taxonomy":"post_tag","embeddable":true,"href":"https:\/\/notinor.com\/jujuy\/wp-json\/wp\/v2\/tags?post=280089"}],"curies":[{"name":"wp","href":"https:\/\/api.w.org\/{rel}","templated":true}]}}