{"id":280065,"date":"2020-12-15T14:11:40","date_gmt":"2020-12-15T17:11:40","guid":{"rendered":"https:\/\/notinor.com\/jujuy\/?p=280065"},"modified":"2020-12-15T14:36:53","modified_gmt":"2020-12-15T17:36:53","slug":"jujuy-marchas-interminables-y-mucha-indignacion-por-parte-de-la-gente","status":"publish","type":"post","link":"https:\/\/notinor.com\/jujuy\/jujuy-marchas-interminables-y-mucha-indignacion-por-parte-de-la-gente\/","title":{"rendered":"Jujuy: marchas interminables y mucha indignaci\u00f3n por parte de la gente"},"content":{"rendered":"\n<p>Hoy durante la ma\u00f1ana del martes se realizaron varias marchas y protestas por todo el centro de Jujuy, las mismas ocupaban varias cuadras y la circulaci\u00f3n por el casco c\u00e9ntrico se dificulto mucho.<\/p>\n\n\n\n<div class=\"wp-block-image\"><figure class=\"alignleft size-large\"><img decoding=\"async\" loading=\"lazy\" width=\"840\" height=\"473\" src=\"https:\/\/notinor.com\/jujuy\/wp-content\/uploads\/2020\/12\/Dise\u00f1o-sin-t\u00edtulo-23-840x473.png\" alt=\"\" class=\"wp-image-280071\" srcset=\"https:\/\/notinor.com\/jujuy\/wp-content\/uploads\/2020\/12\/Dise\u00f1o-sin-t\u00edtulo-23-840x473.png 840w, https:\/\/notinor.com\/jujuy\/wp-content\/uploads\/2020\/12\/Dise\u00f1o-sin-t\u00edtulo-23-649x365.png 649w, https:\/\/notinor.com\/jujuy\/wp-content\/uploads\/2020\/12\/Dise\u00f1o-sin-t\u00edtulo-23-768x432.png 768w, https:\/\/notinor.com\/jujuy\/wp-content\/uploads\/2020\/12\/Dise\u00f1o-sin-t\u00edtulo-23-750x422.png 750w, https:\/\/notinor.com\/jujuy\/wp-content\/uploads\/2020\/12\/Dise\u00f1o-sin-t\u00edtulo-23-1140x641.png 1140w, https:\/\/notinor.com\/jujuy\/wp-content\/uploads\/2020\/12\/Dise\u00f1o-sin-t\u00edtulo-23.png 1280w\" sizes=\"(max-width: 840px) 100vw, 840px\" \/><figcaption><strong>Por: Miguel \u00c1ngel Pellegrini<\/strong><\/figcaption><\/figure><\/div>\n\n\n\n<p>Por horas del medio d\u00eda las diferentes agrupaciones se conglomeraron en muchas calles del centro evitando el paso de peatones y veh\u00edculos. Llegando a generar filas y filas de autos en donde su avance por el centro fue imposible.<\/p>\n\n\n\n<p>Las personas que transitaban se mostraron indignadas por el amontonamiento y la falta de respeto a la circulaci\u00f3n de los dem\u00e1s. Fueron muchas las quejas de las personas ya que en muchos casos deb\u00edan llegar por urgencia a ciertos lugares y por motivo de las marchas no pudieron hacerlo, un ejemplo fue el de una madre que deb\u00eda llevar a su hijo a una cl\u00ednica en el centro y por culpa de las manifestaciones se vio retrasada.<\/p>\n\n\n\n<blockquote class=\"wp-block-quote\"><p>Me indigna porque uno esta apurado y aparecen estas cosas, piden por sus derechos pero \u00bfD\u00f3nde est\u00e1n los nuestros?, yo necesitaba llegar urgente al centro hoy y por culpa de esto me fue imposible con el auto.<\/p><cite>Comentaba la madre que deb\u00eda llegar a la cl\u00ednica.<br><\/cite><\/blockquote>\n\n\n\n<figure class=\"wp-block-image size-large\"><img decoding=\"async\" loading=\"lazy\" width=\"840\" height=\"473\" src=\"https:\/\/notinor.com\/jujuy\/wp-content\/uploads\/2020\/12\/Dise\u00f1o-sin-t\u00edtulo-22-840x473.png\" alt=\"\" class=\"wp-image-280070\" srcset=\"https:\/\/notinor.com\/jujuy\/wp-content\/uploads\/2020\/12\/Dise\u00f1o-sin-t\u00edtulo-22-840x473.png 840w, https:\/\/notinor.com\/jujuy\/wp-content\/uploads\/2020\/12\/Dise\u00f1o-sin-t\u00edtulo-22-649x365.png 649w, https:\/\/notinor.com\/jujuy\/wp-content\/uploads\/2020\/12\/Dise\u00f1o-sin-t\u00edtulo-22-768x432.png 768w, https:\/\/notinor.com\/jujuy\/wp-content\/uploads\/2020\/12\/Dise\u00f1o-sin-t\u00edtulo-22-750x422.png 750w, https:\/\/notinor.com\/jujuy\/wp-content\/uploads\/2020\/12\/Dise\u00f1o-sin-t\u00edtulo-22-1140x641.png 1140w, https:\/\/notinor.com\/jujuy\/wp-content\/uploads\/2020\/12\/Dise\u00f1o-sin-t\u00edtulo-22.png 1280w\" sizes=\"(max-width: 840px) 100vw, 840px\" \/><\/figure>\n\n\n\n<p>Aquellos que tienen su domicilio por el centro se vieron envueltos en un infierno al tratar de ingresar a sus hogares, a muchos les fue imposible transitar por las calles y mas aun estando con sus veh\u00edculos. <\/p>\n\n\n\n<blockquote class=\"wp-block-quote\"><p>No puede ser que ocupen cuadras y cuadras de gente para estas marchas, uno necesita trabajar  y moverse y se encuentra con esta situaci\u00f3n, es muy indignante.<\/p><cite>Comentaba un ciudadano con Notinor.<br><\/cite><\/blockquote>\n\n\n\n<figure class=\"wp-block-embed-youtube wp-block-embed is-type-video is-provider-youtube wp-embed-aspect-16-9 wp-has-aspect-ratio\"><div class=\"wp-block-embed__wrapper\">\n<div class=\"jeg_video_container jeg_video_content\"><iframe loading=\"lazy\" title=\"Jujuy: marchas interminables y mucha indignaci\u00f3n por parte de la gente\" width=\"500\" height=\"281\" src=\"https:\/\/www.youtube.com\/embed\/gsPomL-OsmM?feature=oembed\" frameborder=\"0\" allow=\"accelerometer; autoplay; clipboard-write; encrypted-media; gyroscope; picture-in-picture\" allowfullscreen><\/iframe><\/div>\n<\/div><\/figure>\n\n\n\n<h2>\u00bfy el distanciamiento?<\/h2>\n\n\n\n<p>A muchas personas se les a olvidado que Jujuy continua con una situaci\u00f3n epidemiol\u00f3gica complicada en la que se estima que podr\u00eda surgir un  rebrote, y pese a que los casos de coronavirus han disminuido, en nuestra provincia, siguen habiendo casos activos. Hoy no fue la excepci\u00f3n, y la falta de responsabilidad se vio durante las manifestaciones. Calles plagadas de personas que no respetaban el distanciamiento y muchas de ellas sin barbijos, como si el virus hubiera desaparecido de repente.<\/p>\n\n\n\n<p>El&nbsp;<strong>derecho<\/strong>&nbsp;a la protesta social es un&nbsp;<strong>derecho<\/strong>&nbsp;fundamental, reconocido y protegido legal y constitucionalmente, sin embargo, Considero que es muy importante establecer los l\u00edmites de forma clara porque, como dec\u00eda el fil\u00f3sofo Jean-Paul Sartre: \"Mi libertad se&nbsp;<strong>termina<\/strong>&nbsp;d\u00f3nde empieza la de los dem\u00e1s\". Del mismo modo, los&nbsp;<strong>derechos<\/strong>&nbsp;de una persona&nbsp;<strong>terminan<\/strong>&nbsp;donde empiezan los de&nbsp;<strong>otra<\/strong>.<\/p>\n\n\n\n<p><\/p>\n","protected":false},"excerpt":{"rendered":"<p>Hoy durante la ma\u00f1ana del martes se realizaron varias marchas y protestas por todo el centro de Jujuy, las mismas ocupaban varias cuadras y la circulaci\u00f3n por el casco c\u00e9ntrico se dificulto mucho. Por horas del medio d\u00eda las diferentes agrupaciones se conglomeraron en muchas calles del centro evitando el paso de peatones y veh\u00edculos. [&hellip;]<\/p>\n","protected":false},"author":40,"featured_media":280072,"comment_status":"open","ping_status":"open","sticky":false,"template":"","format":"standard","meta":{"_stopmodifiedupdate":false,"_modified_date":"","inline_featured_image":false,"spay_email":"","jetpack_publicize_message":""},"categories":[2],"tags":[],"jetpack_featured_media_url":"https:\/\/notinor.com\/jujuy\/wp-content\/uploads\/2020\/12\/Dise\u00f1o-sin-t\u00edtulo-22-1.png","jetpack_publicize_connections":[],"_links":{"self":[{"href":"https:\/\/notinor.com\/jujuy\/wp-json\/wp\/v2\/posts\/280065"}],"collection":[{"href":"https:\/\/notinor.com\/jujuy\/wp-json\/wp\/v2\/posts"}],"about":[{"href":"https:\/\/notinor.com\/jujuy\/wp-json\/wp\/v2\/types\/post"}],"author":[{"embeddable":true,"href":"https:\/\/notinor.com\/jujuy\/wp-json\/wp\/v2\/users\/40"}],"replies":[{"embeddable":true,"href":"https:\/\/notinor.com\/jujuy\/wp-json\/wp\/v2\/comments?post=280065"}],"version-history":[{"count":4,"href":"https:\/\/notinor.com\/jujuy\/wp-json\/wp\/v2\/posts\/280065\/revisions"}],"predecessor-version":[{"id":280084,"href":"https:\/\/notinor.com\/jujuy\/wp-json\/wp\/v2\/posts\/280065\/revisions\/280084"}],"wp:featuredmedia":[{"embeddable":true,"href":"https:\/\/notinor.com\/jujuy\/wp-json\/wp\/v2\/media\/280072"}],"wp:attachment":[{"href":"https:\/\/notinor.com\/jujuy\/wp-json\/wp\/v2\/media?parent=280065"}],"wp:term":[{"taxonomy":"category","embeddable":true,"href":"https:\/\/notinor.com\/jujuy\/wp-json\/wp\/v2\/categories?post=280065"},{"taxonomy":"post_tag","embeddable":true,"href":"https:\/\/notinor.com\/jujuy\/wp-json\/wp\/v2\/tags?post=280065"}],"curies":[{"name":"wp","href":"https:\/\/api.w.org\/{rel}","templated":true}]}}