{"id":28006,"date":"2015-05-20T05:02:52","date_gmt":"2015-05-20T08:02:52","guid":{"rendered":"http:\/\/notinor.com\/jujuy\/?p=28006"},"modified":"2015-05-20T05:02:52","modified_gmt":"2015-05-20T08:02:52","slug":"el-concejo-deliberante-honro-al-batallon-de-los-decididos-por-la-patria","status":"publish","type":"post","link":"https:\/\/notinor.com\/jujuy\/el-concejo-deliberante-honro-al-batallon-de-los-decididos-por-la-patria\/","title":{"rendered":"El Concejo Deliberante honr\u00f3 al \u201cBatallon de los decididos por la patria\u201d"},"content":{"rendered":"<p>En el marco de la segunda Sesi\u00f3n Especial del presente per\u00edodo legislativo, el Concejo Deliberante de la Capital conmemor\u00f3 el 203\u00ba Aniversario de la creaci\u00f3n del \u201cBatall\u00f3n de los Decididos de la Patria 1812-2015\u201d.<\/p>\n<p>La sesi\u00f3n concretada este\u00a0 martes por la ma\u00f1ana y cont\u00f3 con la presencia de la Banda de M\u00fasica \u201c\u00c9xodo Juje\u00f1o\u201d del Regimiento de Infanter\u00eda Mecanizado 20 \u201cCazadores de los Andes\u201d, como as\u00ed tambi\u00e9n la Guardia Hist\u00f3rica del mismo regimiento. Participaron de la especial ocasi\u00f3n, el Dr. Mario Fiad, Diputado Nacional, Joaqu\u00edn Carrillo, presidente del Instituto Belgraniano, el Dr. Mario C\u00e9sar Iturbe, representantes de instituciones gauchas, entre otros.<\/p>\n<p>Al respecto, Carlos Alberto Sadir, quien preside el organismo legislativo comunal expres\u00f3: \u201cHoy hemos realizado un justo homenaje al Batall\u00f3n de los decididos y que se conform\u00f3 en aquel tiempo, con j\u00f3venes\u00a0 de 16 y 17 a\u00f1os pertenecientes a las familias juje\u00f1as y que dieron un ejemplo de valent\u00eda acompa\u00f1ando al General Belgrano. El homenaje que realizamos desde el Concejo Deliberante es una manera de participar en la \u201cSemana de Mayo\u201d, porque estamos orgullosos de los h\u00e9roes que nos honraron y contribuyeron a cimentar nuestra Patria\u201d.<\/p>\n<p>En tanto, el Jefe del Regimiento de Infanter\u00eda de Monta\u00f1a 20 \u201cCazadores de los Andes\u201d, Coronel Hugo Alejandro Tabbia expres\u00f3: \u201cEl reconocimiento de hoy es algo que quiz\u00e1s no lo dimensionemos, pero es muy importante porque lo hacen los Concejales que son los representantes del Pueblo, es algo que nos revitaliza saber que hace 200 a\u00f1os juje\u00f1os defend\u00edan a la Patria con mucha voluntad, amor a la patria y tener ese recuerdo en este ejercito que nos va a ser trabajar cada d\u00eda con algo pendiente que le debemos a ellos y que vamos a mejorar seguramente\u201d.<\/p>\n<p>Tambi\u00e9n, el Diputado Nacional Mario Fiad Mario Fiad se refiri\u00f3 respecto al acto conmemorativo, \u201cesto de reivindicar nuestra historia, patrimonio y cultura, es darnos m\u00e1s identidad, unidad y sobretodo m\u00e1s jujeneidad, nos podemos sentir cada vez m\u00e1s orgullosos de nuestra tierra. Es un tema, volver a poner en valor a nuestra Bandera y gracias al esfuerzo de todos los Senadores t Diputados tenemos nuestra Bandera de la Libertad Civil en el seno de nuestra historia y hoy con el Batall\u00f3n de los Decididos, le damos valor y m\u00e1s identidad a nuestro Jujuy\u201d.<\/p>\n<p>La sesi\u00f3n dio inicio con la palabra del concejal Lisandro Aguiar, quien solicit\u00f3 a sus pares y a los presentes hacer un minuto de silencio en conmemoraci\u00f3n de los ca\u00eddos en la Guerra por la Independencia, donde los juje\u00f1os tuvieron un papel trascendental.<\/p>\n<p>Luego hicieron uso de la palabra, Dn. Misael Soria y el representante del Instituto Belgraniano, Luis Grenni, quienes recordaron y explicaron a los presentes la importancia de la fecha.<\/p>\n<p>En este sentido, Dn. Misael Soria signific\u00f3 que \u201cera una inquietud personal, la vengo trabajando desde hace mucho tiempo, he estudiado bastante acerca del Batall\u00f3n de los Decididos, estoy muy contento porque era mi deseo de que se le rinda homenaje porque est\u00e1n totalmente olvidados y hay que destacar el valor de esta gente de 15 a 18 a\u00f1os que paliaron a pedido del general Belgrano\u201d.<\/p>\n<p>Por su parte, el representante del Instituto Belgraniano, Luis Grenni se\u00f1al\u00f3 que \u201ces para m\u00ed un honor traer la historia en un justiciero homenaje a estos j\u00f3venes, el Batall\u00f3n de los Decididos de la Patria al mando de Juan Ignacio Gorriti, hecho olvidado de nuestra historia, que empezamos a rescatar porque estamos reconstruyendo la historia y la memoria de hechos que en Jujuy se produjeron y estaban olvidados, por eso estoy muy agradecido de este sentido homenaje\u201d.<\/p>\n<p>Posteriormente, los concejales jefes de bloques como Jos\u00e9 Luis S\u00e1nchez(UCR), Facundo Figueroa Caballero (PJ) y Alejandra Moll\u00f3n (Lyder), le entregaron un cuadro placa y banderas de ceremonia al Jefe del Regimiento de Infanter\u00eda de Monta\u00f1a 20 \u201cCazadores de los Andes\u201d Cnel. Hugo Alejandro Tabbia y al Se\u00f1or Jefe de la Compa\u00f1\u00eda \u201cDecididos de la Patria\u201d Tte. 1\u00ba H\u00e9ctor Emanuel Mamani Ovejero.<\/p>\n<p>En el transcurso de la sesi\u00f3n, la concejal Marta Russo Arriola present\u00f3 un proyecto de Ordenanza, proponiendo que el Departamento Ejecutivo imponga en nombre de \u201cLos Decididos de la Patria\u201d, a una calle o espacio verde de nuestra ciudad. El proyecto tom\u00f3 estado parlamentario y fue girado a la comisi\u00f3n de Obras y Servicios P\u00fablicos del Cuerpo.<\/p>\n<p>Antes de finalizar la sesi\u00f3n, el representante del Instituto Belgraniano, Luis Grenni, le entreg\u00f3 una medalla al Se\u00f1or Jefe de la Compa\u00f1\u00eda \u201cDecididos de la Patria\u201d, Tte. 1\u00ba H\u00e9ctor Emanuel Mamani Ovejero.<\/p>\n<p>Entre los conceptos vertidos por los concejales, Guillermo L\u00f3pez Salgado manifest\u00f3 que \u201cesta casa se engalana con la presencia de estos continuadores de aquella estirpe heroica con la que se lo dio nuestra patria como reci\u00e9n se dec\u00eda 200 a\u00f1os son tan solo un suspiro en la vida de los pueblos y nos complacemos orgullosos de que esos valores con estos hombres de uniformes y otros que llevan ese escudo de Argentinidad en su coraz\u00f3n, hacen permanecer aquellos valores con lo que se forjo nuestra historia nacional argentina\u201d.<\/p>\n<p>Tambi\u00e9n Juan Brajcich destac\u00f3 que \u201cagradecemos la visita, su presencia nos prestigia, es importante recordar estos hechos no solamente con el recuerdo en s\u00ed, sino entender que por momento form\u00f3 parte de la construcci\u00f3n de la memoria colectiva. Es entender que en el pasado tenientes y mujeres permitieron desde su pensamiento, su decisi\u00f3n y acci\u00f3n, llevar adelante hechos concretos que en su sue\u00f1o era construir su destino y eso permiti\u00f3 que hoy nosotros tenemos nuestro presente\u201d.<\/p>\n<p>Participaron de la sesi\u00f3n los ediles: Carlos Alberto Sadir, presidente del Cuerpo Parlamentario, Yolanda Zerpa, Mirian Burgos, Marta Russo Arriola, Alejandra Moll\u00f3n, Jos\u00e9 Luis S\u00e1nchez, Lisandro Aguiar, Juan Brajcich, Guillermo Lopez Salgado y Facundo Figueroa Caballero; m\u00e1s los Secretarios Administrativo Pablo Giachino y Parlamentario Jorge Beller.<\/p>\n","protected":false},"excerpt":{"rendered":"<p>En el marco de la segunda Sesi\u00f3n Especial del presente per\u00edodo legislativo, el Concejo Deliberante de la Capital conmemor\u00f3 el 203\u00ba Aniversario de la creaci\u00f3n del \u201cBatall\u00f3n de los Decididos de la Patria 1812-2015\u201d. La sesi\u00f3n concretada este\u00a0 martes por la ma\u00f1ana y cont\u00f3 con la presencia de la Banda de M\u00fasica \u201c\u00c9xodo Juje\u00f1o\u201d del [&hellip;]<\/p>\n","protected":false},"author":1,"featured_media":28007,"comment_status":"open","ping_status":"open","sticky":false,"template":"","format":"standard","meta":{"_stopmodifiedupdate":false,"_modified_date":"","inline_featured_image":false,"spay_email":"","jetpack_publicize_message":""},"categories":[2],"tags":[],"jetpack_featured_media_url":"https:\/\/notinor.com\/jujuy\/wp-content\/uploads\/2015\/05\/19.05.15-Izamiento-de-Bandera-sesion-especial.jpg","jetpack_publicize_connections":[],"_links":{"self":[{"href":"https:\/\/notinor.com\/jujuy\/wp-json\/wp\/v2\/posts\/28006"}],"collection":[{"href":"https:\/\/notinor.com\/jujuy\/wp-json\/wp\/v2\/posts"}],"about":[{"href":"https:\/\/notinor.com\/jujuy\/wp-json\/wp\/v2\/types\/post"}],"author":[{"embeddable":true,"href":"https:\/\/notinor.com\/jujuy\/wp-json\/wp\/v2\/users\/1"}],"replies":[{"embeddable":true,"href":"https:\/\/notinor.com\/jujuy\/wp-json\/wp\/v2\/comments?post=28006"}],"version-history":[{"count":1,"href":"https:\/\/notinor.com\/jujuy\/wp-json\/wp\/v2\/posts\/28006\/revisions"}],"predecessor-version":[{"id":28008,"href":"https:\/\/notinor.com\/jujuy\/wp-json\/wp\/v2\/posts\/28006\/revisions\/28008"}],"wp:featuredmedia":[{"embeddable":true,"href":"https:\/\/notinor.com\/jujuy\/wp-json\/wp\/v2\/media\/28007"}],"wp:attachment":[{"href":"https:\/\/notinor.com\/jujuy\/wp-json\/wp\/v2\/media?parent=28006"}],"wp:term":[{"taxonomy":"category","embeddable":true,"href":"https:\/\/notinor.com\/jujuy\/wp-json\/wp\/v2\/categories?post=28006"},{"taxonomy":"post_tag","embeddable":true,"href":"https:\/\/notinor.com\/jujuy\/wp-json\/wp\/v2\/tags?post=28006"}],"curies":[{"name":"wp","href":"https:\/\/api.w.org\/{rel}","templated":true}]}}