{"id":280045,"date":"2020-12-15T11:10:32","date_gmt":"2020-12-15T14:10:32","guid":{"rendered":"https:\/\/notinor.com\/jujuy\/?p=280045"},"modified":"2020-12-15T11:10:36","modified_gmt":"2020-12-15T14:10:36","slug":"homenaje-en-jujuy-a-los-tripulantes-del-submarino-ara-san-juan","status":"publish","type":"post","link":"https:\/\/notinor.com\/jujuy\/homenaje-en-jujuy-a-los-tripulantes-del-submarino-ara-san-juan\/","title":{"rendered":"Homenaje en Jujuy a los tripulantes del submarino ARA San Juan"},"content":{"rendered":"\n<p>La ceremonia la encabezar\u00e1 el ministro de Defensa, Agust\u00edn Rossi, en el Regimiento de Infanter\u00eda de Monta\u00f1a 20 de San Salvador de Jujuy, bajo estrictas medidas sanitarias dispuestas en el marco de la pandemia de coronavirus.<\/p>\n\n\n\n<figure class=\"wp-block-image size-large\"><img decoding=\"async\" loading=\"lazy\" width=\"750\" height=\"365\" src=\"https:\/\/notinor.com\/jujuy\/wp-content\/uploads\/2020\/12\/ARA.jpg\" alt=\"\" class=\"wp-image-280046\" srcset=\"https:\/\/notinor.com\/jujuy\/wp-content\/uploads\/2020\/12\/ARA.jpg 750w, https:\/\/notinor.com\/jujuy\/wp-content\/uploads\/2020\/12\/ARA-660x321.jpg 660w\" sizes=\"(max-width: 750px) 100vw, 750px\" \/><\/figure>\n\n\n\n<p>Familiares de tripulantes del ARA San Juan oriundos de Jujuy recibir\u00e1n en esa provincia los atributos por el ascenso post-mortem de los submarinistas y el pabell\u00f3n nacional, en una ceremonia que rendir\u00e1 tributo a los fallecidos y estar\u00e1 encabezada por el ministro de Defensa, Agust\u00edn Rossi.<\/p>\n\n\n\n<p>Fuentes oficiales informaron que el homenaje ser\u00e1 a partir de las 10 de este martes en el Regimiento de Infanter\u00eda de Monta\u00f1a 20 de San Salvador de Jujuy, bajo estrictas medidas sanitarias dispuestas en el marco de la pandemia de coronavirus.<\/p>\n\n\n\n<p>Rossi encabezar\u00e1 el acto, del que participar\u00e1n familiares, autoridades civiles y militares de la cartera, y que tendr\u00e1 por objetivo materializar la decisi\u00f3n del presidente Alberto Fern\u00e1ndez de entregar a las familias, los atributos correspondientes al ascenso post mortem de los tripulantes.<\/p>\n\n\n\n<p>El 15 de noviembre de 2017 el submarino ARA San Juan, con sus 44 tripulantes a bordo, naufrag\u00f3 en aguas del Atl\u00e1ntico Sur y fue encontrado el 17 de noviembre de 2018 a la altura del Golfo San Jorge, a 597 kil\u00f3metros de Comodoro Rivadavia.<\/p>\n\n\n\n<p>\"44 Presentes.org\" es un espacio virtual de homenaje y de recuerdo para los tripulantes del submarino, al que se puede acceder libremente, sin importar el lugar donde viva cada familia, inform\u00f3 el Ministerio de Defensa.<\/p>\n\n\n\n<p>El objetivo de esta plataforma digital institucional, construida conjuntamente por el Ministerio de Defensa y la Armada Argentina, es mantener viva la memoria y el honor de nuestros 44 compatriotas.<\/p>\n","protected":false},"excerpt":{"rendered":"<p>La ceremonia la encabezar\u00e1 el ministro de Defensa, Agust\u00edn Rossi, en el Regimiento de Infanter\u00eda de Monta\u00f1a 20 de San Salvador de Jujuy, bajo estrictas medidas sanitarias dispuestas en el marco de la pandemia de coronavirus. Familiares de tripulantes del ARA San Juan oriundos de Jujuy recibir\u00e1n en esa provincia los atributos por el ascenso [&hellip;]<\/p>\n","protected":false},"author":5,"featured_media":280046,"comment_status":"open","ping_status":"open","sticky":false,"template":"","format":"standard","meta":{"_stopmodifiedupdate":false,"_modified_date":"","inline_featured_image":false,"spay_email":"","jetpack_publicize_message":""},"categories":[2],"tags":[],"jetpack_featured_media_url":"https:\/\/notinor.com\/jujuy\/wp-content\/uploads\/2020\/12\/ARA.jpg","jetpack_publicize_connections":[],"_links":{"self":[{"href":"https:\/\/notinor.com\/jujuy\/wp-json\/wp\/v2\/posts\/280045"}],"collection":[{"href":"https:\/\/notinor.com\/jujuy\/wp-json\/wp\/v2\/posts"}],"about":[{"href":"https:\/\/notinor.com\/jujuy\/wp-json\/wp\/v2\/types\/post"}],"author":[{"embeddable":true,"href":"https:\/\/notinor.com\/jujuy\/wp-json\/wp\/v2\/users\/5"}],"replies":[{"embeddable":true,"href":"https:\/\/notinor.com\/jujuy\/wp-json\/wp\/v2\/comments?post=280045"}],"version-history":[{"count":1,"href":"https:\/\/notinor.com\/jujuy\/wp-json\/wp\/v2\/posts\/280045\/revisions"}],"predecessor-version":[{"id":280047,"href":"https:\/\/notinor.com\/jujuy\/wp-json\/wp\/v2\/posts\/280045\/revisions\/280047"}],"wp:featuredmedia":[{"embeddable":true,"href":"https:\/\/notinor.com\/jujuy\/wp-json\/wp\/v2\/media\/280046"}],"wp:attachment":[{"href":"https:\/\/notinor.com\/jujuy\/wp-json\/wp\/v2\/media?parent=280045"}],"wp:term":[{"taxonomy":"category","embeddable":true,"href":"https:\/\/notinor.com\/jujuy\/wp-json\/wp\/v2\/categories?post=280045"},{"taxonomy":"post_tag","embeddable":true,"href":"https:\/\/notinor.com\/jujuy\/wp-json\/wp\/v2\/tags?post=280045"}],"curies":[{"name":"wp","href":"https:\/\/api.w.org\/{rel}","templated":true}]}}