{"id":280037,"date":"2020-12-15T11:01:51","date_gmt":"2020-12-15T14:01:51","guid":{"rendered":"https:\/\/notinor.com\/jujuy\/?p=280037"},"modified":"2020-12-15T11:01:53","modified_gmt":"2020-12-15T14:01:53","slug":"prevencion-de-consumo-problematicos-y-promocion-de-salud-mental","status":"publish","type":"post","link":"https:\/\/notinor.com\/jujuy\/prevencion-de-consumo-problematicos-y-promocion-de-salud-mental\/","title":{"rendered":"Prevenci\u00f3n de Consumo Problem\u00e1ticos y Promoci\u00f3n de Salud Mental"},"content":{"rendered":"\n<p>La direcci\u00f3n de Salud Mental dependiente de la secretar\u00eda de Desarrollo Humano, llevar\u00e1 adelante reuniones presenciales en los N\u00facleos de Innovaci\u00f3n para el Desarrollo de Oportunidades (N.I.D.O.) del Parque Belgrano y Cuyaya. Ambas charlas est\u00e1n dirigidas al p\u00fablico en general y a fines a la tem\u00e1tica. Los interesados podr\u00e1n informarse dem\u00e1s, a trav\u00e9s de: saludmentalmunicipiojujuy@gmail.com<\/p>\n\n\n\n<p>\u201cPrevenci\u00f3n de los Consumo Problem\u00e1ticos\u201d , abarcar\u00e1 los siguientes temas: \u00bfCu\u00e1ndo un consumo es problem\u00e1tico?. Mitos y prejuicios ante los consumos, adicciones y emociones. Esta charla se dictar\u00e1 en el NIDO del Parque Belgrano, ubicado en calle 250, Viv. ADEP de Alto Comedero, los d\u00edas 15, 22 y 29 de diciembre de 9.30 a 11.30. Mientras que en el NIDO Cuyaya, sito en V\u00e9lez Sarsfield esquina Santa Fe, se dictar\u00e1 los d\u00edas 16,23 y 30 de diciembre, de 9.30 a 11.30 hs.<\/p>\n\n\n\n<div class=\"wp-block-image\"><figure class=\"aligncenter size-large\"><img decoding=\"async\" loading=\"lazy\" width=\"480\" height=\"480\" src=\"https:\/\/notinor.com\/jujuy\/wp-content\/uploads\/2020\/12\/Promocion-S-M-480x480.jpeg\" alt=\"\" class=\"wp-image-280040\" srcset=\"https:\/\/notinor.com\/jujuy\/wp-content\/uploads\/2020\/12\/Promocion-S-M-480x480.jpeg 480w, https:\/\/notinor.com\/jujuy\/wp-content\/uploads\/2020\/12\/Promocion-S-M-365x365.jpeg 365w, https:\/\/notinor.com\/jujuy\/wp-content\/uploads\/2020\/12\/Promocion-S-M-75x75.jpeg 75w, https:\/\/notinor.com\/jujuy\/wp-content\/uploads\/2020\/12\/Promocion-S-M.jpeg 600w\" sizes=\"(max-width: 480px) 100vw, 480px\" \/><\/figure><\/div>\n\n\n\n<p>En tanto que el taller de \u201cPromoci\u00f3n de Salud Mental\u201d , se tratar\u00e1n los temas: La incertidumbre: \u00bfc\u00f3mo lo afrontamos?, Nuestras Emociones, qu\u00e9 nos dicen: furia y tristeza y Nuestras emociones, qu\u00e9 nos dicen: el miedo. Esta actividad es gratuita y se dictar\u00e1n los d\u00edas 12, 22 y 29 de diciembre, de 9.30 a 11.30hs., en el NIDO Cuyaya, ubicado en Vel\u00e9z Sarsfield esquina Santa Fe. Mientras que en el NIDO del Parque Belgrano, sito en calle 250 Viv. ADEP del B\u00b0 Alto Comedero, se realizar\u00e1 en id\u00e9ntico horario los d\u00edas 16,23 y 30 de diciembre.<\/p>\n","protected":false},"excerpt":{"rendered":"<p>La direcci\u00f3n de Salud Mental dependiente de la secretar\u00eda de Desarrollo Humano, llevar\u00e1 adelante reuniones presenciales en los N\u00facleos de Innovaci\u00f3n para el Desarrollo de Oportunidades (N.I.D.O.) del Parque Belgrano y Cuyaya. Ambas charlas est\u00e1n dirigidas al p\u00fablico en general y a fines a la tem\u00e1tica. Los interesados podr\u00e1n informarse dem\u00e1s, a trav\u00e9s de: saludmentalmunicipiojujuy@gmail.com [&hellip;]<\/p>\n","protected":false},"author":5,"featured_media":280040,"comment_status":"open","ping_status":"open","sticky":false,"template":"","format":"standard","meta":{"_stopmodifiedupdate":false,"_modified_date":"","inline_featured_image":false,"spay_email":"","jetpack_publicize_message":""},"categories":[13],"tags":[],"jetpack_featured_media_url":"https:\/\/notinor.com\/jujuy\/wp-content\/uploads\/2020\/12\/Promocion-S-M.jpeg","jetpack_publicize_connections":[],"_links":{"self":[{"href":"https:\/\/notinor.com\/jujuy\/wp-json\/wp\/v2\/posts\/280037"}],"collection":[{"href":"https:\/\/notinor.com\/jujuy\/wp-json\/wp\/v2\/posts"}],"about":[{"href":"https:\/\/notinor.com\/jujuy\/wp-json\/wp\/v2\/types\/post"}],"author":[{"embeddable":true,"href":"https:\/\/notinor.com\/jujuy\/wp-json\/wp\/v2\/users\/5"}],"replies":[{"embeddable":true,"href":"https:\/\/notinor.com\/jujuy\/wp-json\/wp\/v2\/comments?post=280037"}],"version-history":[{"count":1,"href":"https:\/\/notinor.com\/jujuy\/wp-json\/wp\/v2\/posts\/280037\/revisions"}],"predecessor-version":[{"id":280042,"href":"https:\/\/notinor.com\/jujuy\/wp-json\/wp\/v2\/posts\/280037\/revisions\/280042"}],"wp:featuredmedia":[{"embeddable":true,"href":"https:\/\/notinor.com\/jujuy\/wp-json\/wp\/v2\/media\/280040"}],"wp:attachment":[{"href":"https:\/\/notinor.com\/jujuy\/wp-json\/wp\/v2\/media?parent=280037"}],"wp:term":[{"taxonomy":"category","embeddable":true,"href":"https:\/\/notinor.com\/jujuy\/wp-json\/wp\/v2\/categories?post=280037"},{"taxonomy":"post_tag","embeddable":true,"href":"https:\/\/notinor.com\/jujuy\/wp-json\/wp\/v2\/tags?post=280037"}],"curies":[{"name":"wp","href":"https:\/\/api.w.org\/{rel}","templated":true}]}}