{"id":280032,"date":"2020-12-15T11:24:21","date_gmt":"2020-12-15T14:24:21","guid":{"rendered":"https:\/\/notinor.com\/jujuy\/?p=280032"},"modified":"2020-12-15T11:24:25","modified_gmt":"2020-12-15T14:24:25","slug":"oficializaron-el-aumento-salarial-para-el-personal-de-servicio-domestico","status":"publish","type":"post","link":"https:\/\/notinor.com\/jujuy\/oficializaron-el-aumento-salarial-para-el-personal-de-servicio-domestico\/","title":{"rendered":"Oficializaron el aumento salarial para el personal de servicio dom\u00e9stico"},"content":{"rendered":"\n<p>El aumento se har\u00e1 efectivo en tres cuotas a partir del sueldo de diciembre, variar\u00e1 seg\u00fan la categor\u00eda. Los detalles:<\/p>\n\n\n\n<figure class=\"wp-block-image size-large\"><img decoding=\"async\" loading=\"lazy\" width=\"722\" height=\"480\" src=\"https:\/\/notinor.com\/jujuy\/wp-content\/uploads\/2020\/12\/empleadas-dom\u00e9sticas-722x480.jpg\" alt=\"\" class=\"wp-image-280038\" srcset=\"https:\/\/notinor.com\/jujuy\/wp-content\/uploads\/2020\/12\/empleadas-dom\u00e9sticas-722x480.jpg 722w, https:\/\/notinor.com\/jujuy\/wp-content\/uploads\/2020\/12\/empleadas-dom\u00e9sticas-549x365.jpg 549w, https:\/\/notinor.com\/jujuy\/wp-content\/uploads\/2020\/12\/empleadas-dom\u00e9sticas-768x511.jpg 768w, https:\/\/notinor.com\/jujuy\/wp-content\/uploads\/2020\/12\/empleadas-dom\u00e9sticas-750x499.jpg 750w, https:\/\/notinor.com\/jujuy\/wp-content\/uploads\/2020\/12\/empleadas-dom\u00e9sticas.jpg 1033w\" sizes=\"(max-width: 722px) 100vw, 722px\" \/><\/figure>\n\n\n\n<p>El Gobierno Nacional oficializ\u00f3 el incremento salarial de 28% en las remuneraciones horarios y mensuales m\u00ednimas de las empleadas dom\u00e9sticas. As\u00ed lo anuncia la Resoluci\u00f3n 3\/2020 publicada este martes en el Bolet\u00edn Oficial. Este incremento se realizar\u00e1 en tres cuotas a partir del sueldo de diciembre (a pagar en enero).<\/p>\n\n\n\n<p>Esta se trata de una medida que ya hab\u00eda sido acordada a fines de noviembre tras una reuni\u00f3n virtual entre los representantes del sector, tanto de trabajadores como empleadores y funcionarios.<\/p>\n\n\n\n<p><strong>La suba ser\u00e1 de un 10% en diciembre, de un 8% en febrero del 2021 y del 10% restante en abril de ese mismo a\u00f1o.<\/strong><\/p>\n\n\n\n<p>Cabe mencionar que, seg\u00fan indica el documento, \"Se aplicar\u00e1 un adicional por zona desfavorable equivalente al 25% sobre los salarios m\u00ednimos establecidos para cada una de las categor\u00edas respecto del personal que preste tareas en las Provincias de La Pampa, R\u00edo Negro, Chubut, Neuqu\u00e9n, Santa Cruz, Tierra del Fuego, Ant\u00e1rtida e Islas del Atl\u00e1ntico Sur, o en el Partido de Patagones de la Provincia de Buenos Aires\".<\/p>\n\n\n\n<p><strong>LOS NUEVOS MONTOS<\/strong><\/p>\n\n\n\n<p><strong>A partir del sueldo del 1\u00b0 de diciembre (aumento del 10%):<\/strong><\/p>\n\n\n\n<ul><li><strong>Supervisor\/a: Con retiro<\/strong> $192 la hora, $24.400,50 mensual; <strong>sin retiro<\/strong> $210,50 la hora, $26.734 mensual.<\/li><li><strong>Personal para tareas espec\u00edficas:<\/strong> <strong>Con retiro<\/strong> $181,50 la hora, $22.298 mensual; <strong>sin retiro<\/strong> $199,50 la hora, $24.821 mensual.<\/li><li><strong>Caseros:<\/strong> $171,50 la hora, $21.755 mensual.<\/li><li><strong>Asistencia y cuidado de personas:<\/strong> <strong>Con retiro<\/strong> $171,50 la hora, $21.755 mensual; <strong>sin retiro<\/strong> $192 la hora, $24.243,50 mensual.<\/li><li><strong>Personal para tareas generales:<\/strong> <strong>Con retiro<\/strong> $159 la hora, $19.564,50 mensual; <strong>sin retiro<\/strong> $171,50 la hora, $21.755 mensual.<\/li><\/ul>\n\n\n\n<p><strong><strong>A partir del sueldo del 1\u00b0 de febrero (aumento del 8%):<\/strong><\/strong><\/p>\n\n\n\n<ul><li><strong>Supervisor\/a: Con retiro<\/strong> $206 la hora, $25.746 mensual; <strong>sin retiro <\/strong>$225.50 la hora, $28.678,50 mensual.<\/li><li><strong>Personal para tareas espec\u00edficas:<\/strong> <strong>Con retiro<\/strong> $195 la hora, $23.919,50 mensual; <strong>sin retiro <\/strong>$214 la hora, $26.626,50 mensual.<\/li><li><strong>Caseros:<\/strong> $183,50 la hora, $23.337 mensual.<\/li><li><strong>Asistencia y cuidado de personas: Con retiro<\/strong> $183,50 la hora, $23.337 mensual; <strong>sin retiro<\/strong> $206 la hora, $26.007 mensual.<\/li><li><strong>Personal para tareas generales:<\/strong> <strong>Con retiro <\/strong>$171 la hora, $20.987 mensual; <strong>sin retiro<\/strong> $183,50 la hora, $23.337 mensual.<\/li><\/ul>\n\n\n\n<p><strong><strong>A partir del sueldo del 1\u00b0 de abril (aumento del 10%):<\/strong><\/strong><\/p>\n\n\n\n<ul><li><strong>Supervisor\/a: Con retiro<\/strong> $223,50 la hora, $27.928 mensual; <strong>sin retiro<\/strong> $244,50 la hora, $31.108,50 mensual.<\/li><li><strong>Personal para tareas espec\u00edficas:<\/strong> <strong>Con retiro <\/strong>$211,50 la hora, $25.946,50 mensual; <strong>sin retiro <\/strong>$232 la hora, $28.883 mensual.<\/li><li><strong>Caseros:<\/strong> $199.50 la hora, $25.315 mensual.<\/li><li><strong>Asistencia y cuidado de personas:<\/strong> <strong>Con retiro <\/strong>$199,50 la hora, $25.315 mensual; <strong>sin retiro <\/strong>$216,50 la hora, $28.211 mensual.<\/li><li><strong>Personal para tareas generales:<\/strong> <strong>Con retiro <\/strong>$185 la hora, $22.765,50 mensual; <strong>sin retiro<\/strong> $199,50 la hora, $25.315 mensual.<\/li><\/ul>\n\n\n\n<figure class=\"wp-block-image size-large\"><img decoding=\"async\" src=\"https:\/\/www.cronista.com\/export\/sites\/diarioelcronista\/img\/2020\/12\/15\/488208931-resolucion-3-2020_pages-to-jpg-0001_x1x.jpg_617543189.jpg\" alt=\"\"\/><\/figure>\n\n\n\n<figure class=\"wp-block-image size-large\"><img decoding=\"async\" src=\"https:\/\/www.cronista.com\/export\/sites\/diarioelcronista\/img\/2020\/12\/15\/488208931-resolucion-3-2020_pages-to-jpg-0002_x1x.jpg_648019382.jpg\" alt=\"\"\/><\/figure>\n\n\n\n<figure class=\"wp-block-image size-large\"><img decoding=\"async\" src=\"https:\/\/www.cronista.com\/export\/sites\/diarioelcronista\/img\/2020\/12\/15\/488208931-resolucion-3-2020_pages-to-jpg-0003_x1x.jpg_737600919.jpg\" alt=\"\"\/><\/figure>\n","protected":false},"excerpt":{"rendered":"<p>El aumento se har\u00e1 efectivo en tres cuotas a partir del sueldo de diciembre, variar\u00e1 seg\u00fan la categor\u00eda. Los detalles: El Gobierno Nacional oficializ\u00f3 el incremento salarial de 28% en las remuneraciones horarios y mensuales m\u00ednimas de las empleadas dom\u00e9sticas. As\u00ed lo anuncia la Resoluci\u00f3n 3\/2020 publicada este martes en el Bolet\u00edn Oficial. Este incremento [&hellip;]<\/p>\n","protected":false},"author":1,"featured_media":280038,"comment_status":"open","ping_status":"open","sticky":false,"template":"","format":"standard","meta":{"_stopmodifiedupdate":false,"_modified_date":"","inline_featured_image":false,"spay_email":"","jetpack_publicize_message":""},"categories":[2,676],"tags":[],"jetpack_featured_media_url":"https:\/\/notinor.com\/jujuy\/wp-content\/uploads\/2020\/12\/empleadas-dom\u00e9sticas.jpg","jetpack_publicize_connections":[],"_links":{"self":[{"href":"https:\/\/notinor.com\/jujuy\/wp-json\/wp\/v2\/posts\/280032"}],"collection":[{"href":"https:\/\/notinor.com\/jujuy\/wp-json\/wp\/v2\/posts"}],"about":[{"href":"https:\/\/notinor.com\/jujuy\/wp-json\/wp\/v2\/types\/post"}],"author":[{"embeddable":true,"href":"https:\/\/notinor.com\/jujuy\/wp-json\/wp\/v2\/users\/1"}],"replies":[{"embeddable":true,"href":"https:\/\/notinor.com\/jujuy\/wp-json\/wp\/v2\/comments?post=280032"}],"version-history":[{"count":1,"href":"https:\/\/notinor.com\/jujuy\/wp-json\/wp\/v2\/posts\/280032\/revisions"}],"predecessor-version":[{"id":280050,"href":"https:\/\/notinor.com\/jujuy\/wp-json\/wp\/v2\/posts\/280032\/revisions\/280050"}],"wp:featuredmedia":[{"embeddable":true,"href":"https:\/\/notinor.com\/jujuy\/wp-json\/wp\/v2\/media\/280038"}],"wp:attachment":[{"href":"https:\/\/notinor.com\/jujuy\/wp-json\/wp\/v2\/media?parent=280032"}],"wp:term":[{"taxonomy":"category","embeddable":true,"href":"https:\/\/notinor.com\/jujuy\/wp-json\/wp\/v2\/categories?post=280032"},{"taxonomy":"post_tag","embeddable":true,"href":"https:\/\/notinor.com\/jujuy\/wp-json\/wp\/v2\/tags?post=280032"}],"curies":[{"name":"wp","href":"https:\/\/api.w.org\/{rel}","templated":true}]}}