{"id":280031,"date":"2020-12-15T10:55:23","date_gmt":"2020-12-15T13:55:23","guid":{"rendered":"https:\/\/notinor.com\/jujuy\/?p=280031"},"modified":"2020-12-15T10:55:25","modified_gmt":"2020-12-15T13:55:25","slug":"segundo-taller-presencial-re-encuentro-de-emociones-2","status":"publish","type":"post","link":"https:\/\/notinor.com\/jujuy\/segundo-taller-presencial-re-encuentro-de-emociones-2\/","title":{"rendered":"Segundo taller presencial \u201cRe encuentro de emociones\u201d"},"content":{"rendered":"\n<p>La direcci\u00f3n de Adultos Mayores, dependiente de la secretar\u00eda de Desarrollo Humano de la Municipalidad de la Capital, junto con la direcci\u00f3n provincial de Protecci\u00f3n Integral de las Personas Adultas Mayores, invitan a todos los vecinos del sector de Alto Comedero a participar del segundo taller presencial \u201cRe-Encuentro de Emociones\u201d destinado a los adultos mayores. El mismo se realizar\u00e1 el d\u00eda mi\u00e9rcoles 16 de diciembre, a partir de las 17 hs, en dependencias del \u201cParque Belgrano\u201d.<\/p>\n\n\n\n<div class=\"wp-block-image\"><figure class=\"aligncenter size-large\"><img decoding=\"async\" loading=\"lazy\" width=\"480\" height=\"480\" src=\"https:\/\/notinor.com\/jujuy\/wp-content\/uploads\/2020\/12\/Encuentro-Emociones-1024x1024-1-480x480.jpeg\" alt=\"\" class=\"wp-image-280033\" srcset=\"https:\/\/notinor.com\/jujuy\/wp-content\/uploads\/2020\/12\/Encuentro-Emociones-1024x1024-1-480x480.jpeg 480w, https:\/\/notinor.com\/jujuy\/wp-content\/uploads\/2020\/12\/Encuentro-Emociones-1024x1024-1-365x365.jpeg 365w, https:\/\/notinor.com\/jujuy\/wp-content\/uploads\/2020\/12\/Encuentro-Emociones-1024x1024-1-75x75.jpeg 75w, https:\/\/notinor.com\/jujuy\/wp-content\/uploads\/2020\/12\/Encuentro-Emociones-1024x1024-1.jpeg 600w\" sizes=\"(max-width: 480px) 100vw, 480px\" \/><\/figure><\/div>\n\n\n\n<p>Las distintas propuestas que se prepararon est\u00e1n dedicadas exclusivamente a los adultos mayores ya que desde la direcci\u00f3n de Adultos Mayores, sobre todo en esta etapa de pandemia, se reforzaron las tareas de contenci\u00f3n y acompa\u00f1amiento. Activando distintos programas en modo virtual al inicio y ahora a trav\u00e9s de estos encuentros presenciales se busca recuperar el v\u00ednculo con los adultos mayores para que se sientan contenidos y acompa\u00f1ados.<br><\/p>\n\n\n\n<p>Desde la direcci\u00f3n de Adultos Mayores se prepar\u00f3 una gran variedad de actividades para agasajarlos, habr\u00e1 sorteos, bailes, coplas, cantos en donde se expondr\u00e1n todos los trabajos que se realizan desde la direcci\u00f3n, como tambi\u00e9n actividades en conjunto con la direcci\u00f3n de Adultos Mayores de Provincia.<br>Para esta ocasi\u00f3n, las instalaciones del Parque Belgrano proporcionan un mayor espacio f\u00edsico al aire libre para recibir m\u00e1s p\u00fablico, por lo que se invita a todos los adultos mayores interesados en pasar una hermosa jornada siempre siguiendo con los protocolos sanitarios.<\/p>\n","protected":false},"excerpt":{"rendered":"<p>La direcci\u00f3n de Adultos Mayores, dependiente de la secretar\u00eda de Desarrollo Humano de la Municipalidad de la Capital, junto con la direcci\u00f3n provincial de Protecci\u00f3n Integral de las Personas Adultas Mayores, invitan a todos los vecinos del sector de Alto Comedero a participar del segundo taller presencial \u201cRe-Encuentro de Emociones\u201d destinado a los adultos mayores. [&hellip;]<\/p>\n","protected":false},"author":5,"featured_media":280034,"comment_status":"open","ping_status":"open","sticky":false,"template":"","format":"standard","meta":{"_stopmodifiedupdate":false,"_modified_date":"","inline_featured_image":false,"spay_email":"","jetpack_publicize_message":""},"categories":[13],"tags":[],"jetpack_featured_media_url":"https:\/\/notinor.com\/jujuy\/wp-content\/uploads\/2020\/12\/Parque-belgrano.jpg","jetpack_publicize_connections":[],"_links":{"self":[{"href":"https:\/\/notinor.com\/jujuy\/wp-json\/wp\/v2\/posts\/280031"}],"collection":[{"href":"https:\/\/notinor.com\/jujuy\/wp-json\/wp\/v2\/posts"}],"about":[{"href":"https:\/\/notinor.com\/jujuy\/wp-json\/wp\/v2\/types\/post"}],"author":[{"embeddable":true,"href":"https:\/\/notinor.com\/jujuy\/wp-json\/wp\/v2\/users\/5"}],"replies":[{"embeddable":true,"href":"https:\/\/notinor.com\/jujuy\/wp-json\/wp\/v2\/comments?post=280031"}],"version-history":[{"count":1,"href":"https:\/\/notinor.com\/jujuy\/wp-json\/wp\/v2\/posts\/280031\/revisions"}],"predecessor-version":[{"id":280035,"href":"https:\/\/notinor.com\/jujuy\/wp-json\/wp\/v2\/posts\/280031\/revisions\/280035"}],"wp:featuredmedia":[{"embeddable":true,"href":"https:\/\/notinor.com\/jujuy\/wp-json\/wp\/v2\/media\/280034"}],"wp:attachment":[{"href":"https:\/\/notinor.com\/jujuy\/wp-json\/wp\/v2\/media?parent=280031"}],"wp:term":[{"taxonomy":"category","embeddable":true,"href":"https:\/\/notinor.com\/jujuy\/wp-json\/wp\/v2\/categories?post=280031"},{"taxonomy":"post_tag","embeddable":true,"href":"https:\/\/notinor.com\/jujuy\/wp-json\/wp\/v2\/tags?post=280031"}],"curies":[{"name":"wp","href":"https:\/\/api.w.org\/{rel}","templated":true}]}}