{"id":28003,"date":"2015-05-20T04:43:25","date_gmt":"2015-05-20T07:43:25","guid":{"rendered":"http:\/\/notinor.com\/jujuy\/?p=28003"},"modified":"2015-05-20T04:43:25","modified_gmt":"2015-05-20T07:43:25","slug":"33-nuevos-egresados-de-enfermeria-formados-en-el-instituto-paterson","status":"publish","type":"post","link":"https:\/\/notinor.com\/jujuy\/33-nuevos-egresados-de-enfermeria-formados-en-el-instituto-paterson\/","title":{"rendered":"33 nuevos egresados de enfermer\u00eda formados en el Instituto Paterson"},"content":{"rendered":"<p>Se llev\u00f3 a cabo el acto de colaci\u00f3n de egresados del Instituto \u201cGuillermo C. Paterson\u201d, donde se formaron 33 nuevos profesionales en enfermer\u00eda que reforzar\u00e1n la demanda de recursos humanos en la provincia.<\/p>\n<p>&nbsp;<\/p>\n<p>La enfermer\u00eda requiere una gran vocaci\u00f3n de servicios, es una profesi\u00f3n abnegada que demanda formar el aspecto cient\u00edfico, pero principalmente forjar el car\u00e1cter y la visi\u00f3n humanitaria para la atenci\u00f3n sanitaria.<\/p>\n<p>&nbsp;<\/p>\n<p>En este contexto, la Rectora del Instituto \u201cGuillermo C. Paterson\u201d, Manuela Vilte de Arce, se refiri\u00f3 al orgullo que implica formar profesionales de enfermer\u00eda, cumpliendo actualmente, \u201c69 a\u00f1os educando y formando profesionales\u201d.<\/p>\n<p>&nbsp;<\/p>\n<p>\u201cEntregamos 33 nuevos enfermeros profesionales para el sistema de salud, sabemos que la tarea siempre es compleja pero es un orgullo presentar nuevo recurso humano para Jujuy y el pa\u00eds\u201d, expres\u00f3.<\/p>\n<p>&nbsp;<\/p>\n<p>Finalmente, Vilte de Arce destac\u00f3 la \u201calta demanda de personas que quer\u00edan ingresar a la instituci\u00f3n\u201d y aclar\u00f3 que \u201cpor cuestiones f\u00edsicas s\u00f3lo podemos incorporar entre 80 y 90 aspirantes, pero que sin duda \u201cla calidad de profesionales que se reciben en nuestra instituci\u00f3n es magn\u00edfica y siempre trabajamos para formar recursos humanos para la provincia de Jujuy de suma calidad y con una visi\u00f3n humanitaria\u201d.<\/p>\n","protected":false},"excerpt":{"rendered":"<p>Se llev\u00f3 a cabo el acto de colaci\u00f3n de egresados del Instituto \u201cGuillermo C. Paterson\u201d, donde se formaron 33 nuevos profesionales en enfermer\u00eda que reforzar\u00e1n la demanda de recursos humanos en la provincia. &nbsp; La enfermer\u00eda requiere una gran vocaci\u00f3n de servicios, es una profesi\u00f3n abnegada que demanda formar el aspecto cient\u00edfico, pero principalmente forjar [&hellip;]<\/p>\n","protected":false},"author":1,"featured_media":28004,"comment_status":"open","ping_status":"open","sticky":false,"template":"","format":"standard","meta":{"_stopmodifiedupdate":false,"_modified_date":"","inline_featured_image":false,"spay_email":"","jetpack_publicize_message":""},"categories":[2],"tags":[],"jetpack_featured_media_url":"https:\/\/notinor.com\/jujuy\/wp-content\/uploads\/2015\/05\/salud-2_18357.jpg","jetpack_publicize_connections":[],"_links":{"self":[{"href":"https:\/\/notinor.com\/jujuy\/wp-json\/wp\/v2\/posts\/28003"}],"collection":[{"href":"https:\/\/notinor.com\/jujuy\/wp-json\/wp\/v2\/posts"}],"about":[{"href":"https:\/\/notinor.com\/jujuy\/wp-json\/wp\/v2\/types\/post"}],"author":[{"embeddable":true,"href":"https:\/\/notinor.com\/jujuy\/wp-json\/wp\/v2\/users\/1"}],"replies":[{"embeddable":true,"href":"https:\/\/notinor.com\/jujuy\/wp-json\/wp\/v2\/comments?post=28003"}],"version-history":[{"count":1,"href":"https:\/\/notinor.com\/jujuy\/wp-json\/wp\/v2\/posts\/28003\/revisions"}],"predecessor-version":[{"id":28005,"href":"https:\/\/notinor.com\/jujuy\/wp-json\/wp\/v2\/posts\/28003\/revisions\/28005"}],"wp:featuredmedia":[{"embeddable":true,"href":"https:\/\/notinor.com\/jujuy\/wp-json\/wp\/v2\/media\/28004"}],"wp:attachment":[{"href":"https:\/\/notinor.com\/jujuy\/wp-json\/wp\/v2\/media?parent=28003"}],"wp:term":[{"taxonomy":"category","embeddable":true,"href":"https:\/\/notinor.com\/jujuy\/wp-json\/wp\/v2\/categories?post=28003"},{"taxonomy":"post_tag","embeddable":true,"href":"https:\/\/notinor.com\/jujuy\/wp-json\/wp\/v2\/tags?post=28003"}],"curies":[{"name":"wp","href":"https:\/\/api.w.org\/{rel}","templated":true}]}}