{"id":280026,"date":"2020-12-15T10:47:35","date_gmt":"2020-12-15T13:47:35","guid":{"rendered":"https:\/\/notinor.com\/jujuy\/?p=280026"},"modified":"2020-12-15T10:47:41","modified_gmt":"2020-12-15T13:47:41","slug":"la-vacuna-de-pfizer-no-llegara-en-diciembre-al-pais-y-hay-dudas-sobre-la-provision-del-antidoto-ruso","status":"publish","type":"post","link":"https:\/\/notinor.com\/jujuy\/la-vacuna-de-pfizer-no-llegara-en-diciembre-al-pais-y-hay-dudas-sobre-la-provision-del-antidoto-ruso\/","title":{"rendered":"La vacuna de Pfizer no llegar\u00e1 en diciembre al pa\u00eds y hay dudas sobre la provisi\u00f3n del ant\u00eddoto ruso"},"content":{"rendered":"\n<p>Representantes de la ANMAT en Mosc\u00fa verifican su seguridad. Buscan que el gobierno de Putin env\u00ede una muestra para empezar la aplicaci\u00f3n.<\/p>\n\n\n\n<figure class=\"wp-block-image size-large\"><img decoding=\"async\" loading=\"lazy\" width=\"840\" height=\"456\" src=\"https:\/\/notinor.com\/jujuy\/wp-content\/uploads\/2020\/12\/vacunana-web-840x456.jpg\" alt=\"\" class=\"wp-image-280027\" srcset=\"https:\/\/notinor.com\/jujuy\/wp-content\/uploads\/2020\/12\/vacunana-web-840x456.jpg 840w, https:\/\/notinor.com\/jujuy\/wp-content\/uploads\/2020\/12\/vacunana-web-660x358.jpg 660w, https:\/\/notinor.com\/jujuy\/wp-content\/uploads\/2020\/12\/vacunana-web-768x417.jpg 768w, https:\/\/notinor.com\/jujuy\/wp-content\/uploads\/2020\/12\/vacunana-web-750x407.jpg 750w, https:\/\/notinor.com\/jujuy\/wp-content\/uploads\/2020\/12\/vacunana-web.jpg 1068w\" sizes=\"(max-width: 840px) 100vw, 840px\" \/><\/figure>\n\n\n\n<p>\u201c<strong>Vamos a vacunar a 300 mil personas antes de fin de a\u00f1o<\/strong>\u201d. La frase pertenece al presidente<strong>&nbsp;Alberto Fern\u00e1ndez<\/strong>. Ocurri\u00f3 el pasado 3 de diciembre durante el anuncio de la firma de los contratos con Rusia por la provisi\u00f3n del ant\u00eddoto que se desarrolla en Mosc\u00fa.<\/p>\n\n\n\n<p>Sin embargo, al 15 de diciembre,\u00a0<strong>a\u00fan no est\u00e1 claro si este objetivo se podr\u00e1 lograr<\/strong>. Es que hay grandes interrogantes en torno a la provisi\u00f3n de las vacunas y en las \u00faltimas horas el Gobierno\u00a0<strong>descart\u00f3 que este mes arriben al pa\u00eds el mill\u00f3n de dosis del ant\u00eddoto de Pfizer<\/strong>.<\/p>\n\n\n\n<p>La administraci\u00f3n de Donald Trump le pidi\u00f3 al laboratorio internacional que le d\u00e9 prioridad a la poblaci\u00f3n norteamericana y en el Gobierno se encontraron con diversas trabas en la negociaci\u00f3n del contrato. Esto retras\u00f3 los planes iniciales. Pero los inconvenientes no solo se centran en Pfizer:\u00a0<strong>a\u00fan no est\u00e1 claro cu\u00e1ndo podr\u00edan llegar las primeras vacunas rusas.<\/strong><\/p>\n\n\n\n<p>El equipo de trabajo de la ANMAT que se encuentra en Mosc\u00fa busca acelerar el proceso para determinar la efectividad de la vacuna rusa, pero dif\u00edcilmente se logre que arribe al pa\u00eds en diciembre.&nbsp;<strong>Hay un compromiso de entrega por 10 millones de dosis en enero y otras 10 millones en febrero<\/strong>. En la Casa Rosada afirman que podr\u00eda haber una especie de muestra gratis, un gesto de buena voluntad pero nada cerrado.<\/p>\n\n\n\n<p>En cuanto al resto de los contratos,\u00a0<strong>la vacuna de AstraZeneca podr\u00eda estar reci\u00e9n para marzo<\/strong>, mientras que la organizaci\u00f3n internacional que prometi\u00f3 9 millones de vacunas podr\u00eda comenzar a entregarlas sobre los \u00faltimos d\u00edas de febrero. Tambi\u00e9n hay incertidumbre respecto al contrato firmado con otro proveedor, que podr\u00eda incumplir con su palabra, lo que desatar\u00eda un eventual reclamo del gobierno argentino y un esc\u00e1ndalo internacional.<\/p>\n\n\n\n<p>En este contexto, en estos d\u00edas se producir\u00e1 una reuni\u00f3n entre el ministro de Salud de la Naci\u00f3n&nbsp;<strong>Gin\u00e9s Gonz\u00e1lez Garc\u00eda<\/strong>&nbsp;y sus pares de Ciudad y provincia de Buenos Aires,&nbsp;<strong>Fern\u00e1n Quir\u00f3s&nbsp;<\/strong>y&nbsp;<strong>Daniel Goll\u00e1n<\/strong>&nbsp;por la provisi\u00f3n, distribuci\u00f3n y aplicaci\u00f3n de las vacunas. La gesti\u00f3n de Horacio Rodr\u00edguez Larreta quiere implementar un sistema de vacunaci\u00f3n v\u00eda farmacias pero cerca de Axel Kicillof no estar\u00edan tan de acuerdo.<\/p>\n\n\n\n<h3>Reuni\u00f3n por el n\u00famero de casos<\/h3>\n\n\n\n<p>Ante el sostenido n\u00famero de contagios en el \u00c1rea Metropolitana de Buenos Aires durante los \u00faltimos d\u00edas,\u00a0<strong>el jefe de Gabinete Santiago Cafiero recibir\u00e1 este martes a<\/strong>\u00a0las 11 en la Casa Rosada al ministro de Salud de la Naci\u00f3n,\u00a0<strong>Gin\u00e9s Gonz\u00e1lez Garc\u00eda<\/strong>, y a sus pares porte\u00f1o,\u00a0<strong>Fern\u00e1n Quir\u00f3s<\/strong>, y bonaerense,\u00a0<strong>Daniel Goll\u00e1n<\/strong>. Participar\u00e1n tambi\u00e9n los jefes de Gabinete de ambos distritos,\u00a0<strong>Felipe Miguel<\/strong>\u00a0y\u00a0<strong>Carlos Bianco<\/strong>, seg\u00fan confirmaron fuentes oficiales.<\/p>\n\n\n\n<p>\u201cAdvertimos nosotros y el Presidente en persona que la pandemia&nbsp;<strong>no est\u00e1 superada<\/strong>\u201d, resalt\u00f3 Cafiero en declaraciones a&nbsp;<em>C5N, y&nbsp;<\/em>se\u00f1al\u00f3 que despu\u00e9s de los picos de contagios en octubre, se logr\u00f3 una tendencia a la baja que ahora \u201cse ameset\u00f3 y dej\u00f3 de bajar\u201d y advirti\u00f3 que \u201c<strong>el AMBA es un vector de contagios muy grande<\/strong>\u201d.<\/p>\n\n\n\n<p>En cuanto a los motivos del encuentro en la Rosada, el jefe de ministros confirm\u00f3 que se reunir\u00e1 con los funcionarios de Ciudad y PBA para \u201c<strong>evaluar en tiempo real c\u00f3mo est\u00e1n las salas de terapia intensiva<\/strong>\u201d y otras cuestiones vinculadas a la pandemia.<\/p>\n","protected":false},"excerpt":{"rendered":"<p>Representantes de la ANMAT en Mosc\u00fa verifican su seguridad. Buscan que el gobierno de Putin env\u00ede una muestra para empezar la aplicaci\u00f3n. \u201cVamos a vacunar a 300 mil personas antes de fin de a\u00f1o\u201d. La frase pertenece al presidente&nbsp;Alberto Fern\u00e1ndez. Ocurri\u00f3 el pasado 3 de diciembre durante el anuncio de la firma de los contratos [&hellip;]<\/p>\n","protected":false},"author":37,"featured_media":280027,"comment_status":"open","ping_status":"open","sticky":false,"template":"","format":"standard","meta":{"_stopmodifiedupdate":false,"_modified_date":"","inline_featured_image":false,"spay_email":"","jetpack_publicize_message":""},"categories":[2],"tags":[],"jetpack_featured_media_url":"https:\/\/notinor.com\/jujuy\/wp-content\/uploads\/2020\/12\/vacunana-web.jpg","jetpack_publicize_connections":[],"_links":{"self":[{"href":"https:\/\/notinor.com\/jujuy\/wp-json\/wp\/v2\/posts\/280026"}],"collection":[{"href":"https:\/\/notinor.com\/jujuy\/wp-json\/wp\/v2\/posts"}],"about":[{"href":"https:\/\/notinor.com\/jujuy\/wp-json\/wp\/v2\/types\/post"}],"author":[{"embeddable":true,"href":"https:\/\/notinor.com\/jujuy\/wp-json\/wp\/v2\/users\/37"}],"replies":[{"embeddable":true,"href":"https:\/\/notinor.com\/jujuy\/wp-json\/wp\/v2\/comments?post=280026"}],"version-history":[{"count":1,"href":"https:\/\/notinor.com\/jujuy\/wp-json\/wp\/v2\/posts\/280026\/revisions"}],"predecessor-version":[{"id":280029,"href":"https:\/\/notinor.com\/jujuy\/wp-json\/wp\/v2\/posts\/280026\/revisions\/280029"}],"wp:featuredmedia":[{"embeddable":true,"href":"https:\/\/notinor.com\/jujuy\/wp-json\/wp\/v2\/media\/280027"}],"wp:attachment":[{"href":"https:\/\/notinor.com\/jujuy\/wp-json\/wp\/v2\/media?parent=280026"}],"wp:term":[{"taxonomy":"category","embeddable":true,"href":"https:\/\/notinor.com\/jujuy\/wp-json\/wp\/v2\/categories?post=280026"},{"taxonomy":"post_tag","embeddable":true,"href":"https:\/\/notinor.com\/jujuy\/wp-json\/wp\/v2\/tags?post=280026"}],"curies":[{"name":"wp","href":"https:\/\/api.w.org\/{rel}","templated":true}]}}