{"id":280018,"date":"2020-12-15T10:40:07","date_gmt":"2020-12-15T13:40:07","guid":{"rendered":"https:\/\/notinor.com\/jujuy\/?p=280018"},"modified":"2020-12-15T10:42:06","modified_gmt":"2020-12-15T13:42:06","slug":"se-habilitaron-las-nuevas-ubicaciones-de-las-paradas-de-colectivos-sobre-avenida-exodo","status":"publish","type":"post","link":"https:\/\/notinor.com\/jujuy\/se-habilitaron-las-nuevas-ubicaciones-de-las-paradas-de-colectivos-sobre-avenida-exodo\/","title":{"rendered":"Se habilitaron las nuevas ubicaciones de las paradas de colectivos sobre Avenida \u00c9xodo"},"content":{"rendered":"\n<p>Desde el lunes las paradas de colectivos funcionan en nuevas ubicaciones sobre Avenida El \u00c9xodo. Las mismas se encuentran demarcadas y con nomencladores de cada l\u00ednea de transporte.<\/p>\n\n\n\n<figure class=\"wp-block-image size-large\"><img decoding=\"async\" loading=\"lazy\" width=\"779\" height=\"480\" src=\"https:\/\/notinor.com\/jujuy\/wp-content\/uploads\/2020\/12\/colectivo-santa-ana-779x480.jpg\" alt=\"\" class=\"wp-image-280019\" srcset=\"https:\/\/notinor.com\/jujuy\/wp-content\/uploads\/2020\/12\/colectivo-santa-ana-779x480.jpg 779w, https:\/\/notinor.com\/jujuy\/wp-content\/uploads\/2020\/12\/colectivo-santa-ana-592x365.jpg 592w, https:\/\/notinor.com\/jujuy\/wp-content\/uploads\/2020\/12\/colectivo-santa-ana-768x473.jpg 768w, https:\/\/notinor.com\/jujuy\/wp-content\/uploads\/2020\/12\/colectivo-santa-ana-750x462.jpg 750w, https:\/\/notinor.com\/jujuy\/wp-content\/uploads\/2020\/12\/colectivo-santa-ana.jpg 990w\" sizes=\"(max-width: 779px) 100vw, 779px\" \/><\/figure>\n\n\n\n<h2><strong>Las nuevas ubicaciones son: av. El \u00c9xodo y calle EL Carmen:<\/strong><\/h2>\n\n\n\n<p>L\u00edneas: 4- 18 \u2013 2 \u2013 8 \u2013 46 y 33.<br>L\u00edneas: 49 \u2013 20 \u2013 30 \u2013 52 \u2013 11 y 40.<br>L\u00edneas: 9 \u2013 31 \u2013 14 \u2013 13 \u2013 22 y 21<br>L\u00edneas: 1 \u2013 3 \u2013 7 \u2013 45 \u2013 41 y 23.<\/p>\n\n\n\n<h2><strong>El \u00c9xodo y calle Cerro Cha\u00f1i:<\/strong><\/h2>\n\n\n\n<p>L\u00edneas: 49 \u2013 18 \u2013 2 \u2013 8 y 33.<br>L\u00edneas: 1- 3 \u2013 7 \u2013 45 y 41.<\/p>\n\n\n\n<h2><strong>El \u00c9xodo y calle Cerro Aguilar:<\/strong><\/h2>\n\n\n\n<p>L\u00edneas: 52 \u2013 20 -30 \u2013 11 y 40.<br>L\u00edneas: 9 \u2013 31 \u2013 14 \u2013 13 y 22.<\/p>\n","protected":false},"excerpt":{"rendered":"<p>Desde el lunes las paradas de colectivos funcionan en nuevas ubicaciones sobre Avenida El \u00c9xodo. Las mismas se encuentran demarcadas y con nomencladores de cada l\u00ednea de transporte. Las nuevas ubicaciones son: av. El \u00c9xodo y calle EL Carmen: L\u00edneas: 4- 18 \u2013 2 \u2013 8 \u2013 46 y 33.L\u00edneas: 49 \u2013 20 \u2013 30 [&hellip;]<\/p>\n","protected":false},"author":37,"featured_media":280019,"comment_status":"open","ping_status":"open","sticky":false,"template":"","format":"standard","meta":{"_stopmodifiedupdate":false,"_modified_date":"","inline_featured_image":false,"spay_email":"","jetpack_publicize_message":""},"categories":[2],"tags":[],"jetpack_featured_media_url":"https:\/\/notinor.com\/jujuy\/wp-content\/uploads\/2020\/12\/colectivo-santa-ana.jpg","jetpack_publicize_connections":[],"_links":{"self":[{"href":"https:\/\/notinor.com\/jujuy\/wp-json\/wp\/v2\/posts\/280018"}],"collection":[{"href":"https:\/\/notinor.com\/jujuy\/wp-json\/wp\/v2\/posts"}],"about":[{"href":"https:\/\/notinor.com\/jujuy\/wp-json\/wp\/v2\/types\/post"}],"author":[{"embeddable":true,"href":"https:\/\/notinor.com\/jujuy\/wp-json\/wp\/v2\/users\/37"}],"replies":[{"embeddable":true,"href":"https:\/\/notinor.com\/jujuy\/wp-json\/wp\/v2\/comments?post=280018"}],"version-history":[{"count":2,"href":"https:\/\/notinor.com\/jujuy\/wp-json\/wp\/v2\/posts\/280018\/revisions"}],"predecessor-version":[{"id":280023,"href":"https:\/\/notinor.com\/jujuy\/wp-json\/wp\/v2\/posts\/280018\/revisions\/280023"}],"wp:featuredmedia":[{"embeddable":true,"href":"https:\/\/notinor.com\/jujuy\/wp-json\/wp\/v2\/media\/280019"}],"wp:attachment":[{"href":"https:\/\/notinor.com\/jujuy\/wp-json\/wp\/v2\/media?parent=280018"}],"wp:term":[{"taxonomy":"category","embeddable":true,"href":"https:\/\/notinor.com\/jujuy\/wp-json\/wp\/v2\/categories?post=280018"},{"taxonomy":"post_tag","embeddable":true,"href":"https:\/\/notinor.com\/jujuy\/wp-json\/wp\/v2\/tags?post=280018"}],"curies":[{"name":"wp","href":"https:\/\/api.w.org\/{rel}","templated":true}]}}