{"id":280008,"date":"2020-12-15T10:20:01","date_gmt":"2020-12-15T13:20:01","guid":{"rendered":"https:\/\/notinor.com\/jujuy\/?p=280008"},"modified":"2020-12-15T10:20:08","modified_gmt":"2020-12-15T13:20:08","slug":"el-ultimo-racing-boca-por-libertadores-dos-equipos-ofensivos-cuatro-que-repiten-y-un-gol-en-el-final","status":"publish","type":"post","link":"https:\/\/notinor.com\/jujuy\/el-ultimo-racing-boca-por-libertadores-dos-equipos-ofensivos-cuatro-que-repiten-y-un-gol-en-el-final\/","title":{"rendered":"El \u00faltimo Racing-Boca por Libertadores: dos equipos ofensivos, cuatro que repiten y un gol en el final"},"content":{"rendered":"\n<p>La Academia y el Xeneize jugaron por \u00faltima vez por Copa en abril de 2016. Fue en fase de grupos y los dos terminaron pasando a octavos de final.<\/p>\n\n\n\n<figure class=\"wp-block-image size-large\"><img decoding=\"async\" loading=\"lazy\" width=\"840\" height=\"473\" src=\"https:\/\/notinor.com\/jujuy\/wp-content\/uploads\/2020\/12\/racing-boca-fotor-2016_862x485-840x473.jpg\" alt=\"\" class=\"wp-image-280009\" srcset=\"https:\/\/notinor.com\/jujuy\/wp-content\/uploads\/2020\/12\/racing-boca-fotor-2016_862x485-840x473.jpg 840w, https:\/\/notinor.com\/jujuy\/wp-content\/uploads\/2020\/12\/racing-boca-fotor-2016_862x485-649x365.jpg 649w, https:\/\/notinor.com\/jujuy\/wp-content\/uploads\/2020\/12\/racing-boca-fotor-2016_862x485-768x432.jpg 768w, https:\/\/notinor.com\/jujuy\/wp-content\/uploads\/2020\/12\/racing-boca-fotor-2016_862x485-750x422.jpg 750w, https:\/\/notinor.com\/jujuy\/wp-content\/uploads\/2020\/12\/racing-boca-fotor-2016_862x485.jpg 862w\" sizes=\"(max-width: 840px) 100vw, 840px\" \/><\/figure>\n\n\n\n<p><strong>Racing\u00a0<\/strong>y\u00a0<strong>Boca\u00a0<\/strong>volver\u00e1n a jugar el mi\u00e9rcoles que viene un partido de\u00a0<strong>Copa Libertadores de Am\u00e9rica<\/strong>\u00a0despu\u00e9s del que disputaron en abril de 2016 en el Cilindro de Avellaneda, en esa ocasi\u00f3n por la fase de grupos y no como ahora que ser\u00e1 en una llave mano a mano:\u00a0<strong>cuartos de final.<\/strong><\/p>\n\n\n\n<p>Racing y Boca ya hab\u00edan empatado 0-0 en la cancha de Boca y en el otro encuentro entre ambos\u00a0<strong>en el Grupo C se impuso el Xeneize por 1-0<\/strong>, que le permiti\u00f3 asegurarse la clasificaci\u00f3n a los octavos de final.<\/p>\n\n\n\n<figure class=\"wp-block-image\"><img decoding=\"async\" src=\"https:\/\/media.tycsports.com\/files\/2020\/12\/14\/162706\/tevez-racing-boca-2016_w862.jpg\" alt=\"El \u00faltimo Racing-Boca por Libertadores: dos equipos ofensivos, cuatro que repiten y un gol en el final\"\/><\/figure>\n\n\n\n<h2>Lodeiro y en el final, el gol del encuentro<\/h2>\n\n\n\n<p>El partido por la quinta fecha del Grupo C en Avellaneda se terminaba y parec\u00eda que se repet\u00eda el cero que a los dos les ven\u00eda bien pensando en la clasificaci\u00f3n, pero...<\/p>\n\n\n\n<p>A seis del final desbord\u00f3 por la derecha Cristian Pav\u00f3n (hoy a la espera de conocer su futuro), tir\u00f3 el centro y por el segundo palo apareci\u00f3 el uruguayo Nicol\u00e1s Lodeiro para empujarla y darle la victoria a Boca frente a\u00a0<strong>Racing, que ven\u00eda de jugar la fase previa (pas\u00f3 a Puebla)<\/strong>\u00a0y luego se clasific\u00f3 en la altura de La Paz al empatar con Bol\u00edvar (1-1).<\/p>\n\n\n\n<h2>Los cuatro jugadores que contin\u00faan de esa serie<\/h2>\n\n\n\n<p>En Racing, esa noche copera, fueron titulares&nbsp;<strong>Iv\u00e1n Pillud y Lisandro L\u00f3pez,<\/strong>&nbsp;mientras que en Boca estuvieron desde el arranque&nbsp;<strong>Frank Fabra y Carlos Tevez<\/strong>. Salvo el lateral derecho de la Academia, los otros tres volver\u00e1n a estar desde el inicio el mi\u00e9rcoles que viene.<\/p>\n\n\n\n<p>En tanto, otro protagonista de ese encuentro en el Cilindro que contin\u00faa ligado a la instituci\u00f3n de Avellaneda pero ya no como jugador sino como manager es Diego Milito.<\/p>\n\n\n\n<figure class=\"wp-block-image\"><img decoding=\"async\" src=\"https:\/\/media.tycsports.com\/files\/2020\/12\/14\/162709\/pillud-y-fabra-2016_w862.jpg\" alt=\"El \u00faltimo Racing-Boca por Libertadores: dos equipos ofensivos, cuatro que repiten y un gol en el final\"\/><\/figure>\n\n\n\n<h2>Dos equipos muy ofensivos<\/h2>\n\n\n\n<p>El entrenador de Racing en ese momento era&nbsp;<strong>Facundo Sava<\/strong>, quien se caracteriz\u00f3 en esa etapa por parar equipos con buen pie de mitad de cancha hacia adelante pero con problemas defensivos.<\/p>\n\n\n\n<p>Los once de Racing ante Boca fueron Sebasti\u00e1n&nbsp;<strong>Saja; Pillud, Nicol\u00e1s S\u00e1nchez, Leandro Grimi, Germ\u00e1n Voboril; Oscar Romero, Ezequiel Videla, Luciano Aued; Gustavo Bou, Diego Milito y Lisandro L\u00f3pez<\/strong>. Despu\u00e9s entraron<strong>&nbsp;Marcos Acu\u00f1a, Ricardo Noir y Roger Mart\u00ednez.<\/strong><\/p>\n\n\n\n<p>Boca, por su parte, ten\u00eda en el banco de suplentes a&nbsp;<strong>Guillermo Barros Schelotto<\/strong>&nbsp;y en Avellaneda el director t\u00e9cnico dispuso el dibujo t\u00e1ctico que m\u00e1s le gustaba: 4-3-3.<\/p>\n\n\n\n<p>Boca arranc\u00f3 con&nbsp;<strong>Agust\u00edn Orion; Gino Peruzzi, Daniel D\u00edaz, Juan Manuel Insaurralde, Fabra; Fernando Gago, Andr\u00e9s Cubas, Pablo P\u00e9rez; Pav\u00f3n, Tevez y Lodeiro<\/strong>. Luego, ingresaron&nbsp;<strong>Jonathan Silva, Marcelo Meli y Andr\u00e9s Ch\u00e1vez.<\/strong><\/p>\n\n\n\n<figure class=\"wp-block-image\"><img decoding=\"async\" src=\"https:\/\/media.tycsports.com\/files\/2020\/12\/14\/162710\/milito-cata-diaz-racing-boca-2016_862x485.jpg?v=1\" alt=\"El \u00faltimo Racing-Boca por Libertadores: dos equipos ofensivos, cuatro que repiten y un gol en el final\"\/><\/figure>\n\n\n\n<h2>Racing afuera en octavos y Boca, a un paso de la final<\/h2>\n\n\n\n<p>El camino de ese Racing en la Copa Libertadores 2016 termin\u00f3 en los octavos de final luego de igualar 0-0 con Atl\u00e9tico Mineiro de local y perder por 2-1 en la revancha desarrollada en Brasil.<\/p>\n\n\n\n<p>Boca, por su parte, se qued\u00f3 en las semifinales: pas\u00f3 a Cerro Porte\u00f1o en octavos, elimin\u00f3 por penales a Nacional de Montevideo y qued\u00f3 afuera en la recordada serie con Independiente del Valle, que le gan\u00f3 2-1 en Ecuador y 3-2 en La Bombonera. Luego, cay\u00f3 ante Atl\u00e9tico Nacional en la final.<\/p>\n","protected":false},"excerpt":{"rendered":"<p>La Academia y el Xeneize jugaron por \u00faltima vez por Copa en abril de 2016. Fue en fase de grupos y los dos terminaron pasando a octavos de final. Racing\u00a0y\u00a0Boca\u00a0volver\u00e1n a jugar el mi\u00e9rcoles que viene un partido de\u00a0Copa Libertadores de Am\u00e9rica\u00a0despu\u00e9s del que disputaron en abril de 2016 en el Cilindro de Avellaneda, en [&hellip;]<\/p>\n","protected":false},"author":37,"featured_media":280009,"comment_status":"open","ping_status":"open","sticky":false,"template":"","format":"standard","meta":{"_stopmodifiedupdate":false,"_modified_date":"","inline_featured_image":false,"spay_email":"","jetpack_publicize_message":""},"categories":[7],"tags":[],"jetpack_featured_media_url":"https:\/\/notinor.com\/jujuy\/wp-content\/uploads\/2020\/12\/racing-boca-fotor-2016_862x485.jpg","jetpack_publicize_connections":[],"_links":{"self":[{"href":"https:\/\/notinor.com\/jujuy\/wp-json\/wp\/v2\/posts\/280008"}],"collection":[{"href":"https:\/\/notinor.com\/jujuy\/wp-json\/wp\/v2\/posts"}],"about":[{"href":"https:\/\/notinor.com\/jujuy\/wp-json\/wp\/v2\/types\/post"}],"author":[{"embeddable":true,"href":"https:\/\/notinor.com\/jujuy\/wp-json\/wp\/v2\/users\/37"}],"replies":[{"embeddable":true,"href":"https:\/\/notinor.com\/jujuy\/wp-json\/wp\/v2\/comments?post=280008"}],"version-history":[{"count":1,"href":"https:\/\/notinor.com\/jujuy\/wp-json\/wp\/v2\/posts\/280008\/revisions"}],"predecessor-version":[{"id":280010,"href":"https:\/\/notinor.com\/jujuy\/wp-json\/wp\/v2\/posts\/280008\/revisions\/280010"}],"wp:featuredmedia":[{"embeddable":true,"href":"https:\/\/notinor.com\/jujuy\/wp-json\/wp\/v2\/media\/280009"}],"wp:attachment":[{"href":"https:\/\/notinor.com\/jujuy\/wp-json\/wp\/v2\/media?parent=280008"}],"wp:term":[{"taxonomy":"category","embeddable":true,"href":"https:\/\/notinor.com\/jujuy\/wp-json\/wp\/v2\/categories?post=280008"},{"taxonomy":"post_tag","embeddable":true,"href":"https:\/\/notinor.com\/jujuy\/wp-json\/wp\/v2\/tags?post=280008"}],"curies":[{"name":"wp","href":"https:\/\/api.w.org\/{rel}","templated":true}]}}