{"id":280005,"date":"2020-12-15T10:04:47","date_gmt":"2020-12-15T13:04:47","guid":{"rendered":"https:\/\/notinor.com\/jujuy\/?p=280005"},"modified":"2020-12-15T10:04:53","modified_gmt":"2020-12-15T13:04:53","slug":"las-dudas-de-marcelo-gallardo-en-river-antes-de-viajar-a-montevideo","status":"publish","type":"post","link":"https:\/\/notinor.com\/jujuy\/las-dudas-de-marcelo-gallardo-en-river-antes-de-viajar-a-montevideo\/","title":{"rendered":"Las dudas de Marcelo Gallardo en River antes de viajar a Montevideo"},"content":{"rendered":"\n<p>La evoluci\u00f3n de Nacho Fern\u00e1ndez ser\u00e1 clave para definir c\u00f3mo jugar\u00e1 el Millonario la vuelta de los cuartos de la Copa Libertadores. Si no llega, \u00bfvuelve a la l\u00ednea de 5?<\/p>\n\n\n\n<figure class=\"wp-block-image size-large\"><img decoding=\"async\" loading=\"lazy\" width=\"840\" height=\"473\" src=\"https:\/\/notinor.com\/jujuy\/wp-content\/uploads\/2020\/12\/marcelo-gallardo_862x485-840x473.jpg\" alt=\"\" class=\"wp-image-280006\" srcset=\"https:\/\/notinor.com\/jujuy\/wp-content\/uploads\/2020\/12\/marcelo-gallardo_862x485-840x473.jpg 840w, https:\/\/notinor.com\/jujuy\/wp-content\/uploads\/2020\/12\/marcelo-gallardo_862x485-649x365.jpg 649w, https:\/\/notinor.com\/jujuy\/wp-content\/uploads\/2020\/12\/marcelo-gallardo_862x485-768x432.jpg 768w, https:\/\/notinor.com\/jujuy\/wp-content\/uploads\/2020\/12\/marcelo-gallardo_862x485-750x422.jpg 750w, https:\/\/notinor.com\/jujuy\/wp-content\/uploads\/2020\/12\/marcelo-gallardo_862x485.jpg 862w\" sizes=\"(max-width: 840px) 100vw, 840px\" \/><\/figure>\n\n\n\n<p><strong>Ignacio Fern\u00e1ndez<\/strong>\u00a0es una pieza clave en\u00a0<strong>River\u00a0<\/strong>y su evoluci\u00f3n, de la inflamaci\u00f3n de sus v\u00e9rtebras por el fuerte choque en el duelo del \u00faltimo domingo ante Argentinos Juniors, ser\u00e1 decisiva para definir el equipo que dispondr\u00e1<strong>\u00a0Marcelo Gallardo<\/strong>\u00a0para la vuelta de los<strong>\u00a0cuartos de final<\/strong>\u00a0de la\u00a0<strong>Copa<\/strong>\u00a0<strong>Libertadores\u00a0<\/strong>ante\u00a0<strong>Nacional<\/strong>\u00a0en Uruguay.<\/p>\n\n\n\n<p>El ideal para el duelo de este jueves a las 21.30, aunque parece algo dif\u00edcil,\u00a0<strong>es que Nacho se recupere\u00a0<\/strong>y pueda volver a estar a la par de sus compa\u00f1eros.\u00a0<strong>En ese caso repetir\u00eda el equipo de la ida<\/strong>:\u00a0<strong>Franco Armani, Gonzalo Montiel, Robert Rojas, Paulo D\u00edaz, Fabrizio Angileri; Ignacio Fern\u00e1ndez, Leonardo Ponzio, Nicol\u00e1s De la Cruz; Mat\u00edas Su\u00e1rez, Rafael Santos Borr\u00e9 y Jorge Carrascal<\/strong>.<\/p>\n\n\n\n<p>En el caso que el ex Gimnasia no pueda estar el jueves hay dos alternativas. La primera es que su lugar lo ocupe<strong>&nbsp;Bruno Zuculini<\/strong>, que \u00faltimamente viene sosteniendo un gran rendimiento cuando le toca estar y con mucha injerencia en el ataque del Millo. La segunda opci\u00f3n es el ingreso de&nbsp;<strong>Javier Pinola<\/strong>, formando as\u00ed una&nbsp;<strong>l\u00ednea de cinco en el fondo<\/strong>&nbsp;donde seguramente los laterales tendr\u00edan m\u00e1s libertad para cruzar mitad de cancha.<\/p>\n\n\n\n<h2>De la Cruz, descanso por precauci\u00f3n<\/h2>\n\n\n\n<p><strong>Nicol\u00e1s De la Cruz<\/strong>, tras el partido ante Nacional en el Libertadores de Am\u00e9rica, que fue victoria 2-0 para River, no fue convocado ni siquiera para ser parte del banco de suplentes del duelo por la\u00a0<strong>Fase Campe\u00f3n<\/strong>\u00a0de la<strong>\u00a0Copa Diego Maradon<\/strong>a. Esta decisi\u00f3n de Gallardo fue simplemente para cuidar al uruguayo. El volante de River<strong>\u00a0tiene una fatiga muscular, que no le impedir\u00e1 estar en el duelo definitorio en Montevideo, pero no quisieron arriesgarlo<\/strong>\u00a0y prefirieron que descanse.<\/p>\n\n\n\n<figure class=\"wp-block-image\"><img decoding=\"async\" src=\"https:\/\/media.tycsports.com\/files\/2020\/12\/14\/162656\/nico-de-la-cruz_w862.jpg\" alt=\"Nacho Fern\u00e1ndez y el esquema, las dudas de Gallardo en River antes de viajar a Montevideo\"\/><\/figure>\n","protected":false},"excerpt":{"rendered":"<p>La evoluci\u00f3n de Nacho Fern\u00e1ndez ser\u00e1 clave para definir c\u00f3mo jugar\u00e1 el Millonario la vuelta de los cuartos de la Copa Libertadores. Si no llega, \u00bfvuelve a la l\u00ednea de 5? Ignacio Fern\u00e1ndez\u00a0es una pieza clave en\u00a0River\u00a0y su evoluci\u00f3n, de la inflamaci\u00f3n de sus v\u00e9rtebras por el fuerte choque en el duelo del \u00faltimo domingo [&hellip;]<\/p>\n","protected":false},"author":37,"featured_media":280006,"comment_status":"open","ping_status":"open","sticky":false,"template":"","format":"standard","meta":{"_stopmodifiedupdate":false,"_modified_date":"","inline_featured_image":false,"spay_email":"","jetpack_publicize_message":""},"categories":[7],"tags":[],"jetpack_featured_media_url":"https:\/\/notinor.com\/jujuy\/wp-content\/uploads\/2020\/12\/marcelo-gallardo_862x485.jpg","jetpack_publicize_connections":[],"_links":{"self":[{"href":"https:\/\/notinor.com\/jujuy\/wp-json\/wp\/v2\/posts\/280005"}],"collection":[{"href":"https:\/\/notinor.com\/jujuy\/wp-json\/wp\/v2\/posts"}],"about":[{"href":"https:\/\/notinor.com\/jujuy\/wp-json\/wp\/v2\/types\/post"}],"author":[{"embeddable":true,"href":"https:\/\/notinor.com\/jujuy\/wp-json\/wp\/v2\/users\/37"}],"replies":[{"embeddable":true,"href":"https:\/\/notinor.com\/jujuy\/wp-json\/wp\/v2\/comments?post=280005"}],"version-history":[{"count":1,"href":"https:\/\/notinor.com\/jujuy\/wp-json\/wp\/v2\/posts\/280005\/revisions"}],"predecessor-version":[{"id":280007,"href":"https:\/\/notinor.com\/jujuy\/wp-json\/wp\/v2\/posts\/280005\/revisions\/280007"}],"wp:featuredmedia":[{"embeddable":true,"href":"https:\/\/notinor.com\/jujuy\/wp-json\/wp\/v2\/media\/280006"}],"wp:attachment":[{"href":"https:\/\/notinor.com\/jujuy\/wp-json\/wp\/v2\/media?parent=280005"}],"wp:term":[{"taxonomy":"category","embeddable":true,"href":"https:\/\/notinor.com\/jujuy\/wp-json\/wp\/v2\/categories?post=280005"},{"taxonomy":"post_tag","embeddable":true,"href":"https:\/\/notinor.com\/jujuy\/wp-json\/wp\/v2\/tags?post=280005"}],"curies":[{"name":"wp","href":"https:\/\/api.w.org\/{rel}","templated":true}]}}