{"id":28000,"date":"2015-05-20T04:37:25","date_gmt":"2015-05-20T07:37:25","guid":{"rendered":"http:\/\/notinor.com\/jujuy\/?p=28000"},"modified":"2015-05-20T04:37:25","modified_gmt":"2015-05-20T07:37:25","slug":"musica-con-alas-brindara-concierto-de-flautas","status":"publish","type":"post","link":"https:\/\/notinor.com\/jujuy\/musica-con-alas-brindara-concierto-de-flautas\/","title":{"rendered":"\u201cM\u00fasica con Alas\u201d brindar\u00e1 concierto de flautas"},"content":{"rendered":"<p>El mismo se realizar\u00e1 esta noche en el Centro Cultural Culturarte a las 20:30 horas con entrada libre y gratuita, d\u00f3nde se podr\u00e1 disfrutar de un amplio repertorio cl\u00e1sico y popular.<\/p>\n<p style=\"text-align: center;\">\u00a0<a href=\"http:\/\/notinor.com\/jujuy\/wp-content\/uploads\/2015\/05\/190515-cultura_18361.jpg\"><img decoding=\"async\" loading=\"lazy\" class=\"alignnone size-full wp-image-28001\" src=\"http:\/\/notinor.com\/jujuy\/wp-content\/uploads\/2015\/05\/190515-cultura_18361.jpg\" alt=\"190515-cultura_18361\" width=\"800\" height=\"600\" srcset=\"https:\/\/notinor.com\/jujuy\/wp-content\/uploads\/2015\/05\/190515-cultura_18361.jpg 800w, https:\/\/notinor.com\/jujuy\/wp-content\/uploads\/2015\/05\/190515-cultura_18361-300x225.jpg 300w\" sizes=\"(max-width: 800px) 100vw, 800px\" \/><\/a><\/p>\n<p>El concierto est\u00e1 organizado por el \u201cProyecto de Orquesta, coro y luther\u00eda M\u00fasica Con Alas\u201d y ser\u00e1 dirigido por la profesora Anal\u00eda Sivila.<\/p>\n<p>&nbsp;<\/p>\n<p>La orquesta estar\u00e1 constituida por ni\u00f1os y adolescentes que ejecutar\u00e1n la Flauta Fife (8 a\u00f1os) y flauta traversa (9 a 17 a\u00f1os), acompa\u00f1ados por flautistas y violinistas de la Orquesta del Bicentenario \u201cMelod\u00eda sin Fin\u201d del Barrio Alto Comedero y la participaci\u00f3n especial del Horacio Zerpa, para el cierre del concierto.<\/p>\n<p>&nbsp;<\/p>\n<p>El repertorio contar\u00e1 con obras infantiles populares, peque\u00f1os d\u00faos trabajados sobre el libro de m\u00e9todo Trevor Wye y Suzuki. En segunda parte las alumnas m\u00e1s avanzadas presentar\u00e1n obras de grandes compositores como GariboldiI, J. Sebasti\u00e1n Bach y Tchalkovsky.<\/p>\n<p>&nbsp;<\/p>\n<p>El proyecto M\u00fasica con Alas tiene como fin brindar un espacio de contenci\u00f3n y una educaci\u00f3n musical integral a ni\u00f1os, basados en 3 ejes: Clases de instrumento, Lenguaje Musical y Ensayos. Actualmente cuenta con 250 ni\u00f1os estando a cargo de su Director General, Pablo Andr\u00e9s Medrano quien junto al equipo docente coordinan el funcionamiento pedag\u00f3gico musical.<\/p>\n<p>&nbsp;<\/p>\n","protected":false},"excerpt":{"rendered":"<p>El mismo se realizar\u00e1 esta noche en el Centro Cultural Culturarte a las 20:30 horas con entrada libre y gratuita, d\u00f3nde se podr\u00e1 disfrutar de un amplio repertorio cl\u00e1sico y popular. \u00a0 El concierto est\u00e1 organizado por el \u201cProyecto de Orquesta, coro y luther\u00eda M\u00fasica Con Alas\u201d y ser\u00e1 dirigido por la profesora Anal\u00eda Sivila. [&hellip;]<\/p>\n","protected":false},"author":1,"featured_media":28001,"comment_status":"open","ping_status":"open","sticky":false,"template":"","format":"standard","meta":{"_stopmodifiedupdate":false,"_modified_date":"","inline_featured_image":false,"spay_email":"","jetpack_publicize_message":""},"categories":[21],"tags":[],"jetpack_featured_media_url":"https:\/\/notinor.com\/jujuy\/wp-content\/uploads\/2015\/05\/190515-cultura_18361.jpg","jetpack_publicize_connections":[],"_links":{"self":[{"href":"https:\/\/notinor.com\/jujuy\/wp-json\/wp\/v2\/posts\/28000"}],"collection":[{"href":"https:\/\/notinor.com\/jujuy\/wp-json\/wp\/v2\/posts"}],"about":[{"href":"https:\/\/notinor.com\/jujuy\/wp-json\/wp\/v2\/types\/post"}],"author":[{"embeddable":true,"href":"https:\/\/notinor.com\/jujuy\/wp-json\/wp\/v2\/users\/1"}],"replies":[{"embeddable":true,"href":"https:\/\/notinor.com\/jujuy\/wp-json\/wp\/v2\/comments?post=28000"}],"version-history":[{"count":1,"href":"https:\/\/notinor.com\/jujuy\/wp-json\/wp\/v2\/posts\/28000\/revisions"}],"predecessor-version":[{"id":28002,"href":"https:\/\/notinor.com\/jujuy\/wp-json\/wp\/v2\/posts\/28000\/revisions\/28002"}],"wp:featuredmedia":[{"embeddable":true,"href":"https:\/\/notinor.com\/jujuy\/wp-json\/wp\/v2\/media\/28001"}],"wp:attachment":[{"href":"https:\/\/notinor.com\/jujuy\/wp-json\/wp\/v2\/media?parent=28000"}],"wp:term":[{"taxonomy":"category","embeddable":true,"href":"https:\/\/notinor.com\/jujuy\/wp-json\/wp\/v2\/categories?post=28000"},{"taxonomy":"post_tag","embeddable":true,"href":"https:\/\/notinor.com\/jujuy\/wp-json\/wp\/v2\/tags?post=28000"}],"curies":[{"name":"wp","href":"https:\/\/api.w.org\/{rel}","templated":true}]}}