{"id":27997,"date":"2015-05-20T04:27:06","date_gmt":"2015-05-20T07:27:06","guid":{"rendered":"http:\/\/notinor.com\/jujuy\/?p=27997"},"modified":"2015-05-20T04:27:06","modified_gmt":"2015-05-20T07:27:06","slug":"el-economista-mariano-kestelboim-disertara-en-jujuy-2","status":"publish","type":"post","link":"https:\/\/notinor.com\/jujuy\/el-economista-mariano-kestelboim-disertara-en-jujuy-2\/","title":{"rendered":"El economista Mariano Kestelboim disertar\u00e1 en Jujuy"},"content":{"rendered":"<p>El pr\u00f3ximo jueves 21 de mayo a partir de las 19:30 en el aula 13 de la UCSE, Lavalle 333, disertar\u00e1 el Licenciado Mariano Kestelboim sobre \u201cPanorama econ\u00f3mico y perspectivas de un escenario internacional en transici\u00f3n\u201d.<\/p>\n<p>&nbsp;<\/p>\n<p>Kestelboim\u00a0 es Licenciado en Econom\u00eda de la Universidad de Buenos Aires\u00a0 y T\u00e9cnico Superior en Periodismo del TEA. Actualmente, cursa la Maestr\u00eda en Historia Econ\u00f3mica y de Pol\u00edticas Econ\u00f3micas en la UBA.<\/p>\n<p>&nbsp;<\/p>\n<p>Tambi\u00e9n es docente del ciclo profesional de la carrera de Econom\u00eda en la materia Organizaci\u00f3n Industrial;\u00a0 en Macroeconom\u00eda y Pol\u00edtica Econ\u00f3mica de la UBA; y en cursos de especializaci\u00f3n en Econom\u00eda en la Universidad Virtual de Quilmes. Se desempe\u00f1a en las \u00e1reas de estad\u00edsticas, comercio exterior y comunicaci\u00f3n de la Fundaci\u00f3n Pro Tejer.<\/p>\n<p>&nbsp;<\/p>\n<p>Posee trabajos de investigaci\u00f3n en econom\u00eda industrial aplicada. Su actividad profesional est\u00e1 focalizada en consultor\u00eda sobre defensa de la competencia, comercio desleal internacional, microeconom\u00eda aplicada y an\u00e1lisis de mercado. Fue economista del Grupo CEO. Escribe columnas de econom\u00eda en los principales matutinos de tirada nacional: La Naci\u00f3n, Tiempo Argentino, Pagina 12, entre otros.<\/p>\n<p>&nbsp;<\/p>\n<p>Al respecto, la Secretaria de Integraci\u00f3n Regional y Relaciones Internacionales, Carolina Mois\u00e9s, indic\u00f3 que la propuesta \u201cea parte del ciclo de conferencias por parte de la Secretar\u00eda y adem\u00e1s servir\u00e1 para abrir el debate sobre diferentes puntos de vistas sobre el proceso econ\u00f3mico que vive actualmente Argentina, ya que la visi\u00f3n heterodoxa de la econom\u00eda del disertante contrasta con la ortodoxia imperante en los diferentes medios masivos de comunicaci\u00f3n, por lo que el debate es enriquecedor para todos nosotros\u201d.<\/p>\n<p>&nbsp;<\/p>\n<p>Finalmente, la funcionaria provincial indic\u00f3 que la charla es abierta y gratuita.<\/p>\n","protected":false},"excerpt":{"rendered":"<p>El pr\u00f3ximo jueves 21 de mayo a partir de las 19:30 en el aula 13 de la UCSE, Lavalle 333, disertar\u00e1 el Licenciado Mariano Kestelboim sobre \u201cPanorama econ\u00f3mico y perspectivas de un escenario internacional en transici\u00f3n\u201d. &nbsp; Kestelboim\u00a0 es Licenciado en Econom\u00eda de la Universidad de Buenos Aires\u00a0 y T\u00e9cnico Superior en Periodismo del TEA. [&hellip;]<\/p>\n","protected":false},"author":1,"featured_media":27998,"comment_status":"open","ping_status":"open","sticky":false,"template":"","format":"standard","meta":{"_stopmodifiedupdate":false,"_modified_date":"","inline_featured_image":false,"spay_email":"","jetpack_publicize_message":""},"categories":[13],"tags":[],"jetpack_featured_media_url":"https:\/\/notinor.com\/jujuy\/wp-content\/uploads\/2015\/05\/KestelboimMariano.jpg","jetpack_publicize_connections":[],"_links":{"self":[{"href":"https:\/\/notinor.com\/jujuy\/wp-json\/wp\/v2\/posts\/27997"}],"collection":[{"href":"https:\/\/notinor.com\/jujuy\/wp-json\/wp\/v2\/posts"}],"about":[{"href":"https:\/\/notinor.com\/jujuy\/wp-json\/wp\/v2\/types\/post"}],"author":[{"embeddable":true,"href":"https:\/\/notinor.com\/jujuy\/wp-json\/wp\/v2\/users\/1"}],"replies":[{"embeddable":true,"href":"https:\/\/notinor.com\/jujuy\/wp-json\/wp\/v2\/comments?post=27997"}],"version-history":[{"count":1,"href":"https:\/\/notinor.com\/jujuy\/wp-json\/wp\/v2\/posts\/27997\/revisions"}],"predecessor-version":[{"id":27999,"href":"https:\/\/notinor.com\/jujuy\/wp-json\/wp\/v2\/posts\/27997\/revisions\/27999"}],"wp:featuredmedia":[{"embeddable":true,"href":"https:\/\/notinor.com\/jujuy\/wp-json\/wp\/v2\/media\/27998"}],"wp:attachment":[{"href":"https:\/\/notinor.com\/jujuy\/wp-json\/wp\/v2\/media?parent=27997"}],"wp:term":[{"taxonomy":"category","embeddable":true,"href":"https:\/\/notinor.com\/jujuy\/wp-json\/wp\/v2\/categories?post=27997"},{"taxonomy":"post_tag","embeddable":true,"href":"https:\/\/notinor.com\/jujuy\/wp-json\/wp\/v2\/tags?post=27997"}],"curies":[{"name":"wp","href":"https:\/\/api.w.org\/{rel}","templated":true}]}}