{"id":27980,"date":"2015-05-20T01:32:23","date_gmt":"2015-05-20T04:32:23","guid":{"rendered":"http:\/\/notinor.com\/jujuy\/?p=27980"},"modified":"2015-05-20T01:32:23","modified_gmt":"2015-05-20T04:32:23","slug":"el-entrenador-de-racing-sostuvo-no-somos-favoritos-pero-tenemos-chances","status":"publish","type":"post","link":"https:\/\/notinor.com\/jujuy\/el-entrenador-de-racing-sostuvo-no-somos-favoritos-pero-tenemos-chances\/","title":{"rendered":"El entrenador de Racing, sostuvo no somos \"favoritos\" pero tenemos chances"},"content":{"rendered":"<p>El entrenador de Racing, Diego Cocca, sostuvo que su equipo no es \"favorito\" para ganar la Copa Libertadores, torneo en el que jugar\u00e1 los cuartos de final ante Guaran\u00ed, de Paraguay, sin embargo reconoci\u00f3 que la 'Academia' tiene \"chances\" al igual que el resto de los equipos que la disputan.<\/p>\n<p>\"Estamos viviendo esta experiencia porque hace mucho que Racing no la juega y como t\u00e9cnico no me hab\u00eda tocado jugar la Copa. No somos favoritos, pero tenemos chances al igual que todos los equipos\", declar\u00f3 el DT acad\u00e9mico en conferencia de prensa.<\/p>\n<p>\"Lo de favorito en el f\u00fatbol no me mueve nada. Favorito son aquellos equipos que tienen jugadores de jerarqu\u00eda y que han jugado muchas veces la Copa\", a\u00f1adi\u00f3 al respecto.<\/p>\n<p>Cocca, de 42 a\u00f1os, adem\u00e1s admiti\u00f3 sentir \"orgullo\" de sus jugadores por haber conseguido el t\u00edtulo en el \u00faltimo torneo argentino y por haber posicionado a su equipo entre los \"ocho mejores\" del f\u00fatbol sudamericano en el actual certamen.<\/p>\n<p>\"Haber salido campe\u00f3n y ahora estar dentro de los ocho mejores me llena de orgullo y ahora queremos m\u00e1s\", dijo.<\/p>\n<p>\"Siento orgullo de este equipo y estos jugadores que hoy representan a Racing. Es un grupo que se arm\u00f3 de la nada y que venimos trabajando hace menos de un a\u00f1o\", agreg\u00f3.<\/p>\n<p>Respecto de Guaran\u00ed, rival al que Racing se enfrentar\u00e1 el pr\u00f3ximo jueves en el estadio Defensores del Chaco, el ex entrenador de Defensa y Justicia y Hurac\u00e1n, entre otros equipos, dijo que \"han crecido much\u00edsimo. Han cambiado el sistema y con la l\u00ednea de tres se han vuelto m\u00e1s compacto, s\u00f3lidos y juegan bien\".<\/p>\n<p>\"Tienen experiencia y saben lo que es jugar la Copa Libertadores. Es un equipo que tiene varios puntos altos por lo que tendremos que estar muy atentos\", agreg\u00f3 sobre el equipo que termin\u00f3 en la segunda posici\u00f3n del Grupo 8 del torneo continental con nueve unidades.<\/p>\n<p>Adem\u00e1s, sobre el partido de ida de la presente fase, opin\u00f3: \"El primer partido no define nada y m\u00e1s contra un rival que ha sacado buenos partidos de visitante, ha ganado en Brasil (1-0 ante Corinthians en el partido de ida de los octavos de final) y ha sacado un buen empate Per\u00fa (1-1 frente a Sporting Cristal en la sexta jornada de la fase de grupos)\".<\/p>\n<p>\"Tenemos que tratar de lastimarlos, no ir a defendernos ni a buscar un empate -continu\u00f3-. Tampoco tenemos que cometer errores y adem\u00e1s estar atentos\".<\/p>\n<p>Adem\u00e1s, el DT campe\u00f3n con Racing en el torneo de Primera Divisi\u00f3n 2014 hizo menci\u00f3n al partido del pr\u00f3ximo domingo, como local, ante Independiente correspondiente a la decimotercera jornada del campeonato local.<\/p>\n<p>\"Queremos ganar. Todos estamos dolidos por la derrota del semestre pasado (1-2, en la quinta fecha) y m\u00e1s porque jugamos en casa. Ellos (Independiente) tambi\u00e9n lo quieren ganar, pero el equipo est\u00e1 bien y con expectativas. Hay que dejar el 100 por ciento\", opin\u00f3 sobre el eterno rival de la 'Academia'.<\/p>\n<p>\"Vamos a tener el privilegio de jugar estos dos partidos\", concluy\u00f3 sobre los compromisos que deber\u00e1 afrontar su equipo en una semana.<\/p>\n<p>Por otra parte, en la pr\u00e1ctica matutina, desarrollada en el predio Tita Mattiussi, el DT del conjunto albiceleste dispuso un trabajo de f\u00fatbol formal en el que par\u00f3 el probable equipo que visitar\u00e1 al equipo guaran\u00ed.<\/p>\n<p>As\u00ed, Cocca prob\u00f3 con el t\u00e9cnico dirigi\u00f3 una prueba de f\u00fatbol en la que dio reiteradas indicaciones. Jugaron Sebasti\u00e1n Saja; Iv\u00e1n Pillud, Luciano Lollo, Yonathan Cabral y Leandro Grimi; Gast\u00f3n D\u00edaz, Ezequiel Videla, Francisco Cerro y Washington Camacho; Diego Milito y Gustavo Bou.<\/p>\n<p>En caso que el entrenador se incline por estos once como titulares ser\u00e1 la primera vez que repetir\u00e1 el mismo equipo en 41 partidos al frente de la 'Academia'.<\/p>\n<p>Racing Club visitar\u00e1 a Guraran\u00ed, de Paraguay, el pr\u00f3ximo jueves, desde las 19.45, en el estadio Defensores del Chaco, con el arbitraje del chileno Enrique Osses, por el partido de ida de los cuartos de final de la Copa Libertadores de Am\u00e9rica.<\/p>\n","protected":false},"excerpt":{"rendered":"<p>El entrenador de Racing, Diego Cocca, sostuvo que su equipo no es \"favorito\" para ganar la Copa Libertadores, torneo en el que jugar\u00e1 los cuartos de final ante Guaran\u00ed, de Paraguay, sin embargo reconoci\u00f3 que la 'Academia' tiene \"chances\" al igual que el resto de los equipos que la disputan. \"Estamos viviendo esta experiencia porque [&hellip;]<\/p>\n","protected":false},"author":1,"featured_media":27981,"comment_status":"open","ping_status":"open","sticky":false,"template":"","format":"standard","meta":{"_stopmodifiedupdate":false,"_modified_date":"","inline_featured_image":false,"spay_email":"","jetpack_publicize_message":""},"categories":[7],"tags":[],"jetpack_featured_media_url":"https:\/\/notinor.com\/jujuy\/wp-content\/uploads\/2015\/05\/racing1.jpg","jetpack_publicize_connections":[],"_links":{"self":[{"href":"https:\/\/notinor.com\/jujuy\/wp-json\/wp\/v2\/posts\/27980"}],"collection":[{"href":"https:\/\/notinor.com\/jujuy\/wp-json\/wp\/v2\/posts"}],"about":[{"href":"https:\/\/notinor.com\/jujuy\/wp-json\/wp\/v2\/types\/post"}],"author":[{"embeddable":true,"href":"https:\/\/notinor.com\/jujuy\/wp-json\/wp\/v2\/users\/1"}],"replies":[{"embeddable":true,"href":"https:\/\/notinor.com\/jujuy\/wp-json\/wp\/v2\/comments?post=27980"}],"version-history":[{"count":1,"href":"https:\/\/notinor.com\/jujuy\/wp-json\/wp\/v2\/posts\/27980\/revisions"}],"predecessor-version":[{"id":27982,"href":"https:\/\/notinor.com\/jujuy\/wp-json\/wp\/v2\/posts\/27980\/revisions\/27982"}],"wp:featuredmedia":[{"embeddable":true,"href":"https:\/\/notinor.com\/jujuy\/wp-json\/wp\/v2\/media\/27981"}],"wp:attachment":[{"href":"https:\/\/notinor.com\/jujuy\/wp-json\/wp\/v2\/media?parent=27980"}],"wp:term":[{"taxonomy":"category","embeddable":true,"href":"https:\/\/notinor.com\/jujuy\/wp-json\/wp\/v2\/categories?post=27980"},{"taxonomy":"post_tag","embeddable":true,"href":"https:\/\/notinor.com\/jujuy\/wp-json\/wp\/v2\/tags?post=27980"}],"curies":[{"name":"wp","href":"https:\/\/api.w.org\/{rel}","templated":true}]}}