{"id":278853,"date":"2020-12-05T14:59:46","date_gmt":"2020-12-05T17:59:46","guid":{"rendered":"https:\/\/notinor.com\/jujuy\/?p=278853"},"modified":"2020-12-05T14:59:53","modified_gmt":"2020-12-05T17:59:53","slug":"este-ano-estan-prohibidas-las-adoraciones-en-los-pesebres","status":"publish","type":"post","link":"https:\/\/notinor.com\/jujuy\/este-ano-estan-prohibidas-las-adoraciones-en-los-pesebres\/","title":{"rendered":"Este a\u00f1o est\u00e1n prohibidas las adoraciones en los pesebres"},"content":{"rendered":"\n<p>Si bien los pesebres podr\u00e1n ser visitados, no est\u00e1 permitido que ni\u00f1os y j\u00f3venes adoren.<\/p>\n\n\n\n<figure class=\"wp-block-image size-large\"><img decoding=\"async\" loading=\"lazy\" width=\"600\" height=\"433\" src=\"https:\/\/notinor.com\/jujuy\/wp-content\/uploads\/2020\/12\/pesebre-adoracion-en-vieja-estacion-1.jpg\" alt=\"\" class=\"wp-image-278854\" srcset=\"https:\/\/notinor.com\/jujuy\/wp-content\/uploads\/2020\/12\/pesebre-adoracion-en-vieja-estacion-1.jpg 600w, https:\/\/notinor.com\/jujuy\/wp-content\/uploads\/2020\/12\/pesebre-adoracion-en-vieja-estacion-1-506x365.jpg 506w, https:\/\/notinor.com\/jujuy\/wp-content\/uploads\/2020\/12\/pesebre-adoracion-en-vieja-estacion-1-120x86.jpg 120w\" sizes=\"(max-width: 600px) 100vw, 600px\" \/><\/figure>\n\n\n\n<p>Este a\u00f1o prohibieron que en los pesebres se realicen adoraciones. As\u00ed lo estableci\u00f3 el Gobierno luego de que el secretario de Cultura de la provincia, Luis Medina Zar, y el director de Culto, Jorge Pereira, mantuvieran diversas reuniones junto a autoridades comunales y tambi\u00e9n referentes de distintos grupos de adoradores.<\/p>\n\n\n\n<p>Luego de los encuentros, establecieron que los pesebres podr\u00e1n ser visitados con protocolos adecuados de distanciamiento e higiene pero no ser\u00e1 posible desarrollar la tradicional adoraci\u00f3n.<\/p>\n\n\n\n<figure class=\"wp-block-image\"><img decoding=\"async\" src=\"https:\/\/somosjujuy-wordpress.s3.amazonaws.com\/wp-content\/uploads\/2020\/12\/05110218\/reunion-cultura-y-adoradores.png\" alt=\"\" class=\"wp-image-214910\"\/><figcaption>Reuni\u00f3n entre autoridades y referentes de grupos de adoradores<\/figcaption><\/figure>\n\n\n\n<p>Al respecto, Medina Zar indic\u00f3 que de acuerdo a las nuevas disposiciones vigentes anunciadas se defini\u00f3 la realizaci\u00f3n de los pesebres para continuar con esta tradici\u00f3n religiosa tan sentida para la feligres\u00eda juje\u00f1a. Sin embargo, aclar\u00f3 que si bien \u201cJujuy es zona verde\u201d no se habilitar\u00e1n las adoraciones de ni\u00f1os, j\u00f3venes y adultos.<\/p>\n\n\n\n<p>En funcionario puntualiz\u00f3 que trabajaron mancomunadamente analizando la situaci\u00f3n tanto con la Direcci\u00f3n de Cultos como as\u00ed tambi\u00e9n con el Obispado de Jujuy encabezado por Monse\u00f1or Daniel Fern\u00e1ndez.<\/p>\n","protected":false},"excerpt":{"rendered":"<p>Si bien los pesebres podr\u00e1n ser visitados, no est\u00e1 permitido que ni\u00f1os y j\u00f3venes adoren. Este a\u00f1o prohibieron que en los pesebres se realicen adoraciones. As\u00ed lo estableci\u00f3 el Gobierno luego de que el secretario de Cultura de la provincia, Luis Medina Zar, y el director de Culto, Jorge Pereira, mantuvieran diversas reuniones junto a [&hellip;]<\/p>\n","protected":false},"author":37,"featured_media":278854,"comment_status":"open","ping_status":"open","sticky":false,"template":"","format":"standard","meta":{"_stopmodifiedupdate":false,"_modified_date":"","inline_featured_image":false,"spay_email":"","jetpack_publicize_message":""},"categories":[2],"tags":[],"jetpack_featured_media_url":"https:\/\/notinor.com\/jujuy\/wp-content\/uploads\/2020\/12\/pesebre-adoracion-en-vieja-estacion-1.jpg","jetpack_publicize_connections":[],"_links":{"self":[{"href":"https:\/\/notinor.com\/jujuy\/wp-json\/wp\/v2\/posts\/278853"}],"collection":[{"href":"https:\/\/notinor.com\/jujuy\/wp-json\/wp\/v2\/posts"}],"about":[{"href":"https:\/\/notinor.com\/jujuy\/wp-json\/wp\/v2\/types\/post"}],"author":[{"embeddable":true,"href":"https:\/\/notinor.com\/jujuy\/wp-json\/wp\/v2\/users\/37"}],"replies":[{"embeddable":true,"href":"https:\/\/notinor.com\/jujuy\/wp-json\/wp\/v2\/comments?post=278853"}],"version-history":[{"count":1,"href":"https:\/\/notinor.com\/jujuy\/wp-json\/wp\/v2\/posts\/278853\/revisions"}],"predecessor-version":[{"id":278855,"href":"https:\/\/notinor.com\/jujuy\/wp-json\/wp\/v2\/posts\/278853\/revisions\/278855"}],"wp:featuredmedia":[{"embeddable":true,"href":"https:\/\/notinor.com\/jujuy\/wp-json\/wp\/v2\/media\/278854"}],"wp:attachment":[{"href":"https:\/\/notinor.com\/jujuy\/wp-json\/wp\/v2\/media?parent=278853"}],"wp:term":[{"taxonomy":"category","embeddable":true,"href":"https:\/\/notinor.com\/jujuy\/wp-json\/wp\/v2\/categories?post=278853"},{"taxonomy":"post_tag","embeddable":true,"href":"https:\/\/notinor.com\/jujuy\/wp-json\/wp\/v2\/tags?post=278853"}],"curies":[{"name":"wp","href":"https:\/\/api.w.org\/{rel}","templated":true}]}}