{"id":278850,"date":"2020-12-05T14:51:42","date_gmt":"2020-12-05T17:51:42","guid":{"rendered":"https:\/\/notinor.com\/jujuy\/?p=278850"},"modified":"2020-12-05T14:51:49","modified_gmt":"2020-12-05T17:51:49","slug":"egresados-de-residencias-de-salud-continuan-sus-carreras-en-jujuy","status":"publish","type":"post","link":"https:\/\/notinor.com\/jujuy\/egresados-de-residencias-de-salud-continuan-sus-carreras-en-jujuy\/","title":{"rendered":"Egresados de residencias de salud contin\u00faan sus carreras en Jujuy"},"content":{"rendered":"\n<p>Los tres profesionales m\u00e9dicos que cumplieron con cuatro a\u00f1os de formaci\u00f3n en la Sede San Roque recibieron sus diplomas acreditantes este viernes. Dos de ellos, cumpliendo con su labor durante la pandemia, ya optaron por ser parte del sistema p\u00fablico provincial.<\/p>\n\n\n\n<figure class=\"wp-block-image size-large\"><img decoding=\"async\" loading=\"lazy\" width=\"720\" height=\"480\" src=\"https:\/\/notinor.com\/jujuy\/wp-content\/uploads\/2020\/12\/2083332d-fdab-49ab-9c6c-b7bb79e44807-1024x683-1-720x480.jpg\" alt=\"\" class=\"wp-image-278851\" srcset=\"https:\/\/notinor.com\/jujuy\/wp-content\/uploads\/2020\/12\/2083332d-fdab-49ab-9c6c-b7bb79e44807-1024x683-1-720x480.jpg 720w, https:\/\/notinor.com\/jujuy\/wp-content\/uploads\/2020\/12\/2083332d-fdab-49ab-9c6c-b7bb79e44807-1024x683-1-547x365.jpg 547w, https:\/\/notinor.com\/jujuy\/wp-content\/uploads\/2020\/12\/2083332d-fdab-49ab-9c6c-b7bb79e44807-1024x683-1-768x512.jpg 768w, https:\/\/notinor.com\/jujuy\/wp-content\/uploads\/2020\/12\/2083332d-fdab-49ab-9c6c-b7bb79e44807-1024x683-1-750x500.jpg 750w, https:\/\/notinor.com\/jujuy\/wp-content\/uploads\/2020\/12\/2083332d-fdab-49ab-9c6c-b7bb79e44807-1024x683-1.jpg 1024w\" sizes=\"(max-width: 720px) 100vw, 720px\" \/><\/figure>\n\n\n\n<p>\u201cEs un orgullo acompa\u00f1arlos en esta jornada y dar la bienvenida oficialmente a los nuevos colegas. Adem\u00e1s de felicitar a cada uno de ellos, tambi\u00e9n agradecemos a quienes son encargados de formar a los residentes, a cada trabajador de las sedes que los gu\u00eda, a cada m\u00e9dico que los apuntala, a los jefes de servicio, a la Coordinadora Docente, Marta Aragon\u00e9s; a la Coordinadora de Residencias, Jimena Rioja, y a las familias que son fundamentales para apoyar en una carrera en la que nunca dejamos de aprender\u201d, sostuvo en la ocasi\u00f3n el Ministro de Salud, Gustavo Bouhid.<\/p>\n\n\n\n<p>La educaci\u00f3n m\u00e9dica continua es clave para mejorar la calidad de vida de los pacientes y garantizar una atenci\u00f3n de excelencia en cada uno de los niveles sanitarios. El sistema de Residencias exige 15 mil horas de pr\u00e1cticas y las respectivas instancias evaluativas que, en este caso, cumplieron la Dra. Macarena Guzm\u00e1n y la Dra. Rebeca Villaroel, especialistas en Medicina General y\/o Familiar, y el Dr. Fernando Bejarano, especialista en Infect\u00f3log\u00eda y Medicina Tropical; siendo los dos \u00faltimos nuevos integrantes de las \u00e1reas de APS y Jefatura de Residencias, respectivamente.<\/p>\n","protected":false},"excerpt":{"rendered":"<p>Los tres profesionales m\u00e9dicos que cumplieron con cuatro a\u00f1os de formaci\u00f3n en la Sede San Roque recibieron sus diplomas acreditantes este viernes. Dos de ellos, cumpliendo con su labor durante la pandemia, ya optaron por ser parte del sistema p\u00fablico provincial. \u201cEs un orgullo acompa\u00f1arlos en esta jornada y dar la bienvenida oficialmente a los [&hellip;]<\/p>\n","protected":false},"author":37,"featured_media":278851,"comment_status":"open","ping_status":"open","sticky":false,"template":"","format":"standard","meta":{"_stopmodifiedupdate":false,"_modified_date":"","inline_featured_image":false,"spay_email":"","jetpack_publicize_message":""},"categories":[13],"tags":[],"jetpack_featured_media_url":"https:\/\/notinor.com\/jujuy\/wp-content\/uploads\/2020\/12\/2083332d-fdab-49ab-9c6c-b7bb79e44807-1024x683-1.jpg","jetpack_publicize_connections":[],"_links":{"self":[{"href":"https:\/\/notinor.com\/jujuy\/wp-json\/wp\/v2\/posts\/278850"}],"collection":[{"href":"https:\/\/notinor.com\/jujuy\/wp-json\/wp\/v2\/posts"}],"about":[{"href":"https:\/\/notinor.com\/jujuy\/wp-json\/wp\/v2\/types\/post"}],"author":[{"embeddable":true,"href":"https:\/\/notinor.com\/jujuy\/wp-json\/wp\/v2\/users\/37"}],"replies":[{"embeddable":true,"href":"https:\/\/notinor.com\/jujuy\/wp-json\/wp\/v2\/comments?post=278850"}],"version-history":[{"count":1,"href":"https:\/\/notinor.com\/jujuy\/wp-json\/wp\/v2\/posts\/278850\/revisions"}],"predecessor-version":[{"id":278852,"href":"https:\/\/notinor.com\/jujuy\/wp-json\/wp\/v2\/posts\/278850\/revisions\/278852"}],"wp:featuredmedia":[{"embeddable":true,"href":"https:\/\/notinor.com\/jujuy\/wp-json\/wp\/v2\/media\/278851"}],"wp:attachment":[{"href":"https:\/\/notinor.com\/jujuy\/wp-json\/wp\/v2\/media?parent=278850"}],"wp:term":[{"taxonomy":"category","embeddable":true,"href":"https:\/\/notinor.com\/jujuy\/wp-json\/wp\/v2\/categories?post=278850"},{"taxonomy":"post_tag","embeddable":true,"href":"https:\/\/notinor.com\/jujuy\/wp-json\/wp\/v2\/tags?post=278850"}],"curies":[{"name":"wp","href":"https:\/\/api.w.org\/{rel}","templated":true}]}}