{"id":278847,"date":"2020-12-05T14:45:19","date_gmt":"2020-12-05T17:45:19","guid":{"rendered":"https:\/\/notinor.com\/jujuy\/?p=278847"},"modified":"2020-12-05T14:45:25","modified_gmt":"2020-12-05T17:45:25","slug":"se-viene-la-segunda-expo-alimentaria-en-ciudad-cultural","status":"publish","type":"post","link":"https:\/\/notinor.com\/jujuy\/se-viene-la-segunda-expo-alimentaria-en-ciudad-cultural\/","title":{"rendered":"Se viene la segunda expo alimentaria en Ciudad Cultural"},"content":{"rendered":"\n<p>El 19 y 20 de diciembre se llevar\u00e1 adelante, en la Ciudad Cultural, la segunda edici\u00f3n de la feria de alimentos m\u00e1s importante de la provincia, donde productores de carnes, frutas, hortalizas y manufacturas de las cuatro regiones pondr\u00e1n a la venta sus productos sin intermediarios. <\/p>\n\n\n\n<figure class=\"wp-block-image size-large\"><img decoding=\"async\" loading=\"lazy\" width=\"500\" height=\"344\" src=\"https:\/\/notinor.com\/jujuy\/wp-content\/uploads\/2020\/12\/frutas_hortaliza_verduras.jpg\" alt=\"\" class=\"wp-image-278848\"\/><\/figure>\n\n\n\n<p>El evento es organizado por el\u00a0<a href=\"http:\/\/produccion.jujuy.gob.ar\/\">Ministerio de Desarrollo Econ\u00f3mico y Producci\u00f3n\u00a0<\/a>de la provincia, y la inscripci\u00f3n se podr\u00e1 realizar a trav\u00e9s la p\u00e1gina web de la cartera.<\/p>\n\n\n\n<p>El secretario de Coordinaci\u00f3n de Agencia de Desarrollo, F\u00e9lix P\u00e9rez, anunci\u00f3 que el s\u00e1bado 19 y domingo 20 de diciembre, se desarrollar\u00e1 la Expo Jujuy Alimentaria. Dicho evento convoca a los productores de las cuatro regiones de provincia que ponen a disposici\u00f3n sus productos sin ning\u00fan tipo de intermediario, lo que abarata significativamente el costo para el consumidor final.<\/p>\n\n\n\n<p>\u201cEl gobernador entiende que el productor tiene que llegar al consumidor sin un intermediario, por eso es muy importante este tipo de espacios\u201d, expres\u00f3 P\u00e9rez. \u201cLa apertura ser\u00e1 ese s\u00e1bado a las 10 de la ma\u00f1ana, pero los productores comenzar\u00e1n a llegar desde el jueves con sus productos\u201d, agreg\u00f3.<\/p>\n\n\n\n<p>El funcionario inform\u00f3 que se habilitar\u00e1n 5 mil metros cuadrados para la exposici\u00f3n y venta, de los cuales 1500 ser\u00e1n espacios cubiertos. \u201cLos lugares est\u00e1n planificados para que est\u00e9n todos los productores y emprendedores de Jujuy. Habr\u00e1 carnes de la Puna, hortalizas y frutas de diferentes regiones, quesos y chacinados, productos org\u00e1nicos, productos navide\u00f1os y para las fiestas de fin de a\u00f1o\u201d. &nbsp;<\/p>\n\n\n\n<p>Adem\u00e1s, tendr\u00e1n su espacio \u201clos nuevos emprendedores surgidos de la pandemia en base a una l\u00ednea de cr\u00e9ditos que le dio el Ministerio de Desarrollo Econ\u00f3mico y Producci\u00f3n, tales como libros de telas, pa\u00f1ales reciclables y nuevas prendas para el desarrollo\u201d. Cabe se\u00f1alar que el evento contar\u00e1 con un estricto protocolo de bioseguridad con espacios para la sanitizaci\u00f3n y el lavado de manos.<\/p>\n\n\n\n<p>\u201cEl a\u00f1o paso fue una muy buena experiencia y creemos que esto le va a dar un est\u00edmulo extra para los productores y emprendedores de Jujuy\u201d, concluy\u00f3 P\u00e9rez.<\/p>\n\n\n\n<p>Los productores, emprendedores y artesanos que est\u00e9n interesados en participar Expo Jujuy Alimentaria deber\u00e1n inscribirse en la p\u00e1gina del&nbsp;<a href=\"http:\/\/produccion.jujuy.gob.ar\/\">Ministerio de Desarrollo Econ\u00f3mico y Producci\u00f3n.<\/a><\/p>\n","protected":false},"excerpt":{"rendered":"<p>El 19 y 20 de diciembre se llevar\u00e1 adelante, en la Ciudad Cultural, la segunda edici\u00f3n de la feria de alimentos m\u00e1s importante de la provincia, donde productores de carnes, frutas, hortalizas y manufacturas de las cuatro regiones pondr\u00e1n a la venta sus productos sin intermediarios. El evento es organizado por el\u00a0Ministerio de Desarrollo Econ\u00f3mico [&hellip;]<\/p>\n","protected":false},"author":37,"featured_media":278848,"comment_status":"open","ping_status":"open","sticky":false,"template":"","format":"standard","meta":{"_stopmodifiedupdate":false,"_modified_date":"","inline_featured_image":false,"spay_email":"","jetpack_publicize_message":""},"categories":[2],"tags":[],"jetpack_featured_media_url":"https:\/\/notinor.com\/jujuy\/wp-content\/uploads\/2020\/12\/frutas_hortaliza_verduras.jpg","jetpack_publicize_connections":[],"_links":{"self":[{"href":"https:\/\/notinor.com\/jujuy\/wp-json\/wp\/v2\/posts\/278847"}],"collection":[{"href":"https:\/\/notinor.com\/jujuy\/wp-json\/wp\/v2\/posts"}],"about":[{"href":"https:\/\/notinor.com\/jujuy\/wp-json\/wp\/v2\/types\/post"}],"author":[{"embeddable":true,"href":"https:\/\/notinor.com\/jujuy\/wp-json\/wp\/v2\/users\/37"}],"replies":[{"embeddable":true,"href":"https:\/\/notinor.com\/jujuy\/wp-json\/wp\/v2\/comments?post=278847"}],"version-history":[{"count":1,"href":"https:\/\/notinor.com\/jujuy\/wp-json\/wp\/v2\/posts\/278847\/revisions"}],"predecessor-version":[{"id":278849,"href":"https:\/\/notinor.com\/jujuy\/wp-json\/wp\/v2\/posts\/278847\/revisions\/278849"}],"wp:featuredmedia":[{"embeddable":true,"href":"https:\/\/notinor.com\/jujuy\/wp-json\/wp\/v2\/media\/278848"}],"wp:attachment":[{"href":"https:\/\/notinor.com\/jujuy\/wp-json\/wp\/v2\/media?parent=278847"}],"wp:term":[{"taxonomy":"category","embeddable":true,"href":"https:\/\/notinor.com\/jujuy\/wp-json\/wp\/v2\/categories?post=278847"},{"taxonomy":"post_tag","embeddable":true,"href":"https:\/\/notinor.com\/jujuy\/wp-json\/wp\/v2\/tags?post=278847"}],"curies":[{"name":"wp","href":"https:\/\/api.w.org\/{rel}","templated":true}]}}