{"id":278843,"date":"2020-12-05T13:57:37","date_gmt":"2020-12-05T16:57:37","guid":{"rendered":"https:\/\/notinor.com\/jujuy\/?p=278843"},"modified":"2020-12-05T13:57:41","modified_gmt":"2020-12-05T16:57:41","slug":"marcha-por-la-vida-en-perico","status":"publish","type":"post","link":"https:\/\/notinor.com\/jujuy\/marcha-por-la-vida-en-perico\/","title":{"rendered":"Marcha por la Vida en Perico."},"content":{"rendered":"\n<p>Agrupaci\u00f3n Pro-Vida , Comunidades Cat\u00f3licas de la Parroquia San Jos\u00e9 y Fuerzas Vivas de la Ciudad, movilizan est\u00e1 tarde de S\u00e1bado a partir de horas 16.<\/p>\n\n\n\n<div class=\"wp-block-image\"><figure class=\"aligncenter size-large\"><img decoding=\"async\" loading=\"lazy\" width=\"480\" height=\"479\" src=\"https:\/\/notinor.com\/jujuy\/wp-content\/uploads\/2020\/12\/WhatsApp-Image-2020-12-05-at-12.10.54.jpeg\" alt=\"\" class=\"wp-image-278844\" srcset=\"https:\/\/notinor.com\/jujuy\/wp-content\/uploads\/2020\/12\/WhatsApp-Image-2020-12-05-at-12.10.54.jpeg 480w, https:\/\/notinor.com\/jujuy\/wp-content\/uploads\/2020\/12\/WhatsApp-Image-2020-12-05-at-12.10.54-366x365.jpeg 366w, https:\/\/notinor.com\/jujuy\/wp-content\/uploads\/2020\/12\/WhatsApp-Image-2020-12-05-at-12.10.54-75x75.jpeg 75w\" sizes=\"(max-width: 480px) 100vw, 480px\" \/><\/figure><\/div>\n\n\n\n<p> El punto de encuentro ser\u00e1 la Plaza San Mart\u00edn de Perico bajo el lema \"Caravana por la Vida\" desde la organizaci\u00f3n se advierte conservar el distanciamiento el uso del barbijo y respetar las normas de Bioseguridad.<\/p>\n","protected":false},"excerpt":{"rendered":"<p>Agrupaci\u00f3n Pro-Vida , Comunidades Cat\u00f3licas de la Parroquia San Jos\u00e9 y Fuerzas Vivas de la Ciudad, movilizan est\u00e1 tarde de S\u00e1bado a partir de horas 16. El punto de encuentro ser\u00e1 la Plaza San Mart\u00edn de Perico bajo el lema \"Caravana por la Vida\" desde la organizaci\u00f3n se advierte conservar el distanciamiento el uso del [&hellip;]<\/p>\n","protected":false},"author":40,"featured_media":278845,"comment_status":"open","ping_status":"open","sticky":false,"template":"","format":"standard","meta":{"_stopmodifiedupdate":false,"_modified_date":"","inline_featured_image":false,"spay_email":"","jetpack_publicize_message":""},"categories":[4],"tags":[],"jetpack_featured_media_url":"https:\/\/notinor.com\/jujuy\/wp-content\/uploads\/2020\/12\/AP5D3KKHV5DWLLVV7NDW5L66XU.jpg","jetpack_publicize_connections":[],"_links":{"self":[{"href":"https:\/\/notinor.com\/jujuy\/wp-json\/wp\/v2\/posts\/278843"}],"collection":[{"href":"https:\/\/notinor.com\/jujuy\/wp-json\/wp\/v2\/posts"}],"about":[{"href":"https:\/\/notinor.com\/jujuy\/wp-json\/wp\/v2\/types\/post"}],"author":[{"embeddable":true,"href":"https:\/\/notinor.com\/jujuy\/wp-json\/wp\/v2\/users\/40"}],"replies":[{"embeddable":true,"href":"https:\/\/notinor.com\/jujuy\/wp-json\/wp\/v2\/comments?post=278843"}],"version-history":[{"count":1,"href":"https:\/\/notinor.com\/jujuy\/wp-json\/wp\/v2\/posts\/278843\/revisions"}],"predecessor-version":[{"id":278846,"href":"https:\/\/notinor.com\/jujuy\/wp-json\/wp\/v2\/posts\/278843\/revisions\/278846"}],"wp:featuredmedia":[{"embeddable":true,"href":"https:\/\/notinor.com\/jujuy\/wp-json\/wp\/v2\/media\/278845"}],"wp:attachment":[{"href":"https:\/\/notinor.com\/jujuy\/wp-json\/wp\/v2\/media?parent=278843"}],"wp:term":[{"taxonomy":"category","embeddable":true,"href":"https:\/\/notinor.com\/jujuy\/wp-json\/wp\/v2\/categories?post=278843"},{"taxonomy":"post_tag","embeddable":true,"href":"https:\/\/notinor.com\/jujuy\/wp-json\/wp\/v2\/tags?post=278843"}],"curies":[{"name":"wp","href":"https:\/\/api.w.org\/{rel}","templated":true}]}}