{"id":278839,"date":"2020-12-05T11:20:29","date_gmt":"2020-12-05T14:20:29","guid":{"rendered":"https:\/\/notinor.com\/jujuy\/?p=278839"},"modified":"2020-12-05T11:20:33","modified_gmt":"2020-12-05T14:20:33","slug":"shawn-mendes-presenta-su-nuevo-album-wonder-video","status":"publish","type":"post","link":"https:\/\/notinor.com\/jujuy\/shawn-mendes-presenta-su-nuevo-album-wonder-video\/","title":{"rendered":"Shawn Mendes presenta su nuevo \u00e1lbum \u201cWonder\u201d [VIDEO]"},"content":{"rendered":"\n<h4><a href=\"https:\/\/www.studio92.com\/noticias\/camila-cabello-y-shawn-mendes-agrandan-la-familia-video-instagram-noticia-1302459\">Shawn Mendes<\/a>&nbsp;present\u00f3 su m\u00e1s reciente \u00e1lbum&nbsp;<strong>Wonder<\/strong>&nbsp;y promete conquistar a m\u00e1s de uno.<\/h4>\n\n\n\n<div class=\"wp-block-image\"><figure class=\"aligncenter is-resized\"><img decoding=\"async\" loading=\"lazy\" src=\"https:\/\/e.radio-studio92.io\/normal\/2020\/12\/04\/474347_1030911.jpg\" alt=\"Shawn Mendes presenta su nuevo \u00e1lbum \u201cWonder\u201d [VIDEO]\" width=\"650\" height=\"365\" title=\"Shawn Mendes presenta su nuevo \u00e1lbum \u201cWonder\u201d [VIDEO]\"\/><figcaption>\u201cWonder\u201d es un disco que marca una nueva era en la carrera musical de cantante canadiense. |&nbsp;<strong>Fuente:<\/strong>&nbsp;Difusi\u00f3n<\/figcaption><\/figure><\/div>\n\n\n\n<p><a href=\"https:\/\/www.studio92.com\/noticias\/shawn-mendes-confeso-que-todas-sus-canciones-hablan-de-camila-cabello-noticia-1300100\">Shawn Mendes<\/a>&nbsp;present\u00f3 su nuevo \u00e1lbum \"<strong>Wonder<\/strong>\" y, sin duda, se convertir\u00e1 en uno de tus favoritos.&nbsp;Definitivamente,&nbsp;esta es una de las producciones m\u00e1s esperadas de este 2020, la cual se estrena con colaboraciones junto a&nbsp;<strong>Justin Bieber&nbsp;<\/strong>y<strong>&nbsp;Anderson PAAK.<\/strong><\/p>\n\n\n\n<p><strong>\u201cWonder\u201d<\/strong>\u00a0es un disco que marca una nueva era en la carrera musical de cantante canadiense y promete conquistar a todos.<\/p>\n\n\n\n<figure class=\"wp-block-embed-youtube wp-block-embed is-type-video is-provider-youtube wp-embed-aspect-16-9 wp-has-aspect-ratio\"><div class=\"wp-block-embed__wrapper\">\n<div class=\"jeg_video_container jeg_video_content\"><iframe loading=\"lazy\" title=\"Shawn Mendes, Justin Bieber - Monster\" width=\"500\" height=\"281\" src=\"https:\/\/www.youtube.com\/embed\/MPbUaIZAaeA?feature=oembed\" frameborder=\"0\" allow=\"accelerometer; autoplay; clipboard-write; encrypted-media; gyroscope; picture-in-picture\" allowfullscreen><\/iframe><\/div>\n<\/div><\/figure>\n\n\n\n<p>\"<strong>Wonder<\/strong>\"\u00a0es el cuarto \u00e1lbum de la carrera musical de\u00a0<a href=\"https:\/\/www.studio92.com\/noticias\/shawn-mendes-presenta-wonder-el-primer-sencillo-de-su-nuevo-album-video-noticia-1296178\">Shawn Mendes<\/a>, proyecto que caus\u00f3 furor toda la semana en redes sociales, confirmando la fuerza de sus clubs de fans alrededor del mundo: TT #1 global durante los d\u00edas previos a su lanzamiento.<\/p>\n","protected":false},"excerpt":{"rendered":"<p>Shawn Mendes&nbsp;present\u00f3 su m\u00e1s reciente \u00e1lbum&nbsp;Wonder&nbsp;y promete conquistar a m\u00e1s de uno. Shawn Mendes&nbsp;present\u00f3 su nuevo \u00e1lbum \"Wonder\" y, sin duda, se convertir\u00e1 en uno de tus favoritos.&nbsp;Definitivamente,&nbsp;esta es una de las producciones m\u00e1s esperadas de este 2020, la cual se estrena con colaboraciones junto a&nbsp;Justin Bieber&nbsp;y&nbsp;Anderson PAAK. \u201cWonder\u201d\u00a0es un disco que marca una nueva [&hellip;]<\/p>\n","protected":false},"author":40,"featured_media":278840,"comment_status":"open","ping_status":"open","sticky":false,"template":"","format":"standard","meta":{"_stopmodifiedupdate":false,"_modified_date":"","inline_featured_image":false,"spay_email":"","jetpack_publicize_message":""},"categories":[21],"tags":[],"jetpack_featured_media_url":"https:\/\/notinor.com\/jujuy\/wp-content\/uploads\/2020\/12\/474347_1030911.jpg","jetpack_publicize_connections":[],"_links":{"self":[{"href":"https:\/\/notinor.com\/jujuy\/wp-json\/wp\/v2\/posts\/278839"}],"collection":[{"href":"https:\/\/notinor.com\/jujuy\/wp-json\/wp\/v2\/posts"}],"about":[{"href":"https:\/\/notinor.com\/jujuy\/wp-json\/wp\/v2\/types\/post"}],"author":[{"embeddable":true,"href":"https:\/\/notinor.com\/jujuy\/wp-json\/wp\/v2\/users\/40"}],"replies":[{"embeddable":true,"href":"https:\/\/notinor.com\/jujuy\/wp-json\/wp\/v2\/comments?post=278839"}],"version-history":[{"count":1,"href":"https:\/\/notinor.com\/jujuy\/wp-json\/wp\/v2\/posts\/278839\/revisions"}],"predecessor-version":[{"id":278842,"href":"https:\/\/notinor.com\/jujuy\/wp-json\/wp\/v2\/posts\/278839\/revisions\/278842"}],"wp:featuredmedia":[{"embeddable":true,"href":"https:\/\/notinor.com\/jujuy\/wp-json\/wp\/v2\/media\/278840"}],"wp:attachment":[{"href":"https:\/\/notinor.com\/jujuy\/wp-json\/wp\/v2\/media?parent=278839"}],"wp:term":[{"taxonomy":"category","embeddable":true,"href":"https:\/\/notinor.com\/jujuy\/wp-json\/wp\/v2\/categories?post=278839"},{"taxonomy":"post_tag","embeddable":true,"href":"https:\/\/notinor.com\/jujuy\/wp-json\/wp\/v2\/tags?post=278839"}],"curies":[{"name":"wp","href":"https:\/\/api.w.org\/{rel}","templated":true}]}}