{"id":27783,"date":"2015-05-18T11:20:02","date_gmt":"2015-05-18T14:20:02","guid":{"rendered":"http:\/\/notinor.com\/jujuy\/?p=27783"},"modified":"2015-05-19T09:58:27","modified_gmt":"2015-05-19T12:58:27","slug":"gerardo-morales-con-su-doble-discurso-dice-una-cosa-y-con-el-codo-borra-lo-que-dijo","status":"publish","type":"post","link":"https:\/\/notinor.com\/jujuy\/gerardo-morales-con-su-doble-discurso-dice-una-cosa-y-con-el-codo-borra-lo-que-dijo\/","title":{"rendered":"\"Gerardo Morales, con su doble discurso, dice una cosa y con el codo borra lo que dijo\""},"content":{"rendered":"<p>El diputado provincial Osvaldo del Grosso, presidente de la comisi\u00f3n de Obras P\u00fablicas de la Legislatura dialog\u00f3 con NOTINOR.COM sobre el estado de los servicios p\u00fablicos en la provincia de Jujuy.<\/p>\n<p>El diputado asegur\u00f3 que el alcance de los servicios p\u00fablicos es m\u00e1s que \u00f3ptimo, al punto que la energ\u00eda est\u00e1 llegando a parajes dispersos donde el suministro depend\u00eda de la luz solar, y la red de agua potable de Jujuy ha llegado ya a un 95% de la poblaci\u00f3n, ubicando a Jujuy tercera en cobertura de red de agua potable.<\/p>\n<p><strong>\"Lo que se refiere a la energ\u00eda el\u00e9ctrica, la cobertura en centros urbanos es pr\u00e1cticamente total.\u00a0 Donde no hay luz es en asentamientos m\u00e1s recientes -asentamientos ilegales-\",<\/strong> se\u00f1al\u00f3 el diputado haciendo la salvedad de que las redes no llegar\u00e1n a aquellos lugares donde se dan casos de usurpaci\u00f3n de tierras <strong>\"el Estado no debe prestar servicios o instalar redes ah\u00ed donde hay asentamientos ilegales, esto es importante remarcarlo.\u00a0 All\u00ed donde el dominio y el t\u00edtulo del terreno est\u00e1n perfeccionados, y est\u00e1 en condiciones legales adecuadas, la cobertura es pr\u00e1cticamente total siempre y cuando haya un\u00a0 vecino que requiera el servicio\".\u00a0 <\/strong>Y agreg\u00f3 que el servicio est\u00e1 practicamente disponible y al alcance hasta en terrenos bald\u00edos<strong> \"la luz no existe en terrenos bald\u00edos, pero est\u00e1 disponible el servicio frente al terreno\".<\/strong><\/p>\n<p>En cuanto a la cobertura de red de agua potable, Del Grosso destac\u00f3 que Jujuy est\u00e1 entre las provincias con mayor alcance en el suministro <strong>\"Jujuy result\u00f3 ser tercera, entre las 24 provincias del pa\u00eds; tercera en cobertura de agua potable de red, con casi un 95% de cobertura.\u00a0 Es algo muy auspicioso si tenemos en cuenta las caracter\u00edsticas naturales y geogr\u00e1ficas de nuestra provincia, que\u00a0hacen\u00a0muy dificil llevar el agua potable a poblaciones alejadas y dispersas\".<\/strong><\/p>\n<p>En este sentido explic\u00f3 <strong>\"hay m\u00e1s de 200 parajes dispersos en Quebrada y Puna, lo cual hace que la inversi\u00f3n necesaria per c\u00e1pita sea alt\u00edsima -algo que no se da en la Pampa H\u00fameda donde hay muchas ciudades muy pobladas y se hace m\u00e1s econ\u00f3mico llevar el agua potable-.\u00a0 A\u00fan as\u00ed, son pol\u00edticas de largo plazo que Jujuy viene poniendo en marcha en materia de agua potable lo que nos ha permitido estar en tercer lugar de 24 provincias en lo que se refiere a la cobertura del servicio\".<\/strong><\/p>\n<p>Consultado sobre el 5% faltante al que hizo referencia al destacar un alcance del 95% en cobertura de red, el diputado justicialista indic\u00f3 que <strong>\"el 5% faltante se trata de casas aisladas o peque\u00f1os parajes muy dispersos, donde es pr\u00e1cticamente imposible instalar el servicio, y tambi\u00e9n se da en las zonas urbanas, trat\u00e1ndose de asentamientos ilegales que de a poco van desapareciendo gracias al avance del programa un Lote Para Cada Familia que hace que se vaya extinguiendo este problema\".<\/strong><\/p>\n<p style=\"text-align: center;\"><strong>SERVICIOS EN ASENTAMIENTOS Y LA PROBLEM\u00c1TICA DE LA TOMA DE TIERRAS POR EMPLEADOS P\u00daBLICOS<\/strong><\/p>\n<p>En otro orden de cosas, y ante la consulta de nuestro medio sobre la situaci\u00f3n del suministro en asentamientos, dada la vigencia de la tem\u00e1tica debido a la reciente toma de un predio privado en la zona de Campo Verde-Bajo La Vi\u00f1a por parte de empleados p\u00fablicos sin tierra ni vivienda, el diputado Del Grosso explic\u00f3 el \u00e9xito del programa Un Lote para Cada Familia y coincidi\u00f3 con la postura de algunos ministros del Gobierno que se\u00f1alan la existencia de un trasfondo pol\u00edtico detr\u00e1s de la toma de tierras.\u00a0 Por otro lado apunt\u00f3 al \"silencio c\u00f3mplice\" del municipio, y critic\u00f3 el doble discurso de Gerardo Morales tras una poco clara condena de la usurpaci\u00f3n de tierras.<\/p>\n<p><strong>\"El avance del programa Un Lote Para Cada Familia tiene mucho que ver con los servicios p\u00fablicos, ya que cuando se dan los lotes, se lo hace con los servicios p\u00fablicos adecuados. \u00a0Es mentira que se los entrega sin la disponibilidad de los servicios p\u00fablicos\",<\/strong>\u00a0enfatiz\u00f3 el diputado.<\/p>\n<p>Sobre el programa en si, Del Grosso explic\u00f3<strong> \"De los 58 mil inscriptos en el plan, solo 33 mil est\u00e1n en condiciones de acceder al lote.\u00a0 25 mil de los inscriptos no cumpl\u00edan con los m\u00ednimos y accesibles requisitos que se establecieron para este plan:\u00a0 formar una familia y no tener propiedades\".<\/strong><\/p>\n<p>En este sentido expolic\u00f3:\u00a0 <strong>\"estos 25 mil inscriptos que no calificaron para el programa es porque o no tienen constituida una familia, o bien si tienen una familia pero tienen una o m\u00e1s propiedades.\u00a0 O sea que, pr\u00e1cticamente menos de la mitad de los inscriptos en el\u00a0plan , quedaron afuera porque no cumplen con los requisitos\".<\/strong><\/p>\n<p>En contraposici\u00f3n, Del Grosso destac\u00f3 lo que el gobierno de la provincia ha avanzado con el programa Un Lote Para Cada Familia, ya que en solo cuatro a\u00f1os se habr\u00eda solucionado casi dos terceras partes de la demanda que gener\u00f3 la crisis habitacional.\u00a0 <strong>\"Para los 33 mil restantes, para los que si calificaron, ya est\u00e1 la tierra asegurada, con un avance del 75% en la infraestructura para 20 mil de esas familias.\u00a0 O sea, 2 de cada 3 de esas personas, en los pr\u00f3ximos meses, a fin de a\u00f1o o comienzos del a\u00f1o siguiente, van a tener ya su lote adjudicado con los servicios p\u00fablicos\",<\/strong> asegur\u00f3 el diputado.<\/p>\n<p>Consultado sobre el tercio restante de los inscriptos que si calificaron para el programa, Del Grosso se\u00f1al\u00f3<strong> \"quedar\u00eda una tercera parte a solucionar, que se va a solucionar en el pr\u00f3ximo gobierno del Dr. Eduardo Fellner.\u00a0 Pero hay que destacar que en cuatro a\u00f1os ya se ha solucionado la situaci\u00f3n para unas 20 mil familias.\u00a0 Para las 10 mil familias restantes estar\u00edamos ya en condiciones con dos a\u00f1os m\u00e1s de seguir a este ritmo, m\u00e1s o menos en 2017\".<\/strong><\/p>\n<p>En la misma l\u00ednea, el diputado justicialista subray\u00f3 <strong>\"esto es revolucionario, porque no hay otra provincia argentina que haya tenido este programa que podr\u00edamos llamar \"Asignaci\u00f3n Universal de Lotes\", que fue solucionar ni m\u00e1s ni menos la situaci\u00f3n habitacional a las clases populares\".<\/strong><\/p>\n<p>Ante la consulta sobre si el programa Un Lote para Cada Familia ha cubierto toda la demanda que naci\u00f3 de la cr\u00edsis habitacional, es decir, si no hay gente que qued\u00f3 afuera, o gente que ha sido discriminada, tal como denuncian algunos\u00a0dirigentes gremiales, el diputado asegur\u00f3\u00a0<strong>\u00a0\"Se puede presuponer, con un buen grado de exactitud, que el que necesita se ha inscripto y ha pedido; entonces la demanda insatisfecha est\u00e1 reflejada en la cantidad de inscriptos.\u00a0 La gente esper\u00f3 pacientemente, ha confiado, en forma civilizada, y son los que van a tener una soluci\u00f3n; yo dec\u00eda el otro d\u00eda en una sesi\u00f3n que hay que tener coraje para ser pac\u00edfico, no para ser violento, porque el que es violento no muestra ning\u00fan coraje\".<\/strong><\/p>\n<p style=\"text-align: center;\"><strong>CRITICAS AL RADICALISMO POR EL SILENCIO Y EL DOBLE DISCURSO<\/strong><\/p>\n<p>En cuanto al los terrenos tomados por los empleados p\u00fablicos nucelados en el Frente de Gremios Estatales, evalu\u00f3: <strong>\"llama mucho la atenci\u00f3n en \u00e9sta ocupaci\u00f3n, al menos es lo que se dice, que habr\u00eda firmado el SEOM un acuerdo judicial con el due\u00f1o de la tierra para adquirir \u00e9sa tierra.\u00a0 Esas tierras, yo creo, son dificilmente loteables; eran dificil de ser vendidas en el \u00e1mbito privado, as\u00ed que llama poderosamente la atenci\u00f3n esta ocupaci\u00f3n dirigida y este supuesto acuerdo entre el due\u00f1o y la gente del gremio.\u00a0 Cada uno sacar\u00e1 sus propias conclusiones de esto\".<\/strong><\/p>\n<p>En \u00e9sa misma reflexi\u00f3n agreg\u00f3 <strong>\"otra cosa que llama la atenci\u00f3n es ver empleados del municipio en horario de trabajo, agentes de tr\u00e1nsito que uno conoce ah\u00ed, en plena ocupaci\u00f3n; as\u00ed que ser\u00eda bueno saber si el municipio les est\u00e1 descontando estos d\u00edas que les pagamos los contribuyentes a estos ocupas\".\u00a0 <\/strong><\/p>\n<p>NOTINOR.COM se\u00f1al\u00f3 al diputado que no solo hay empleados municipales, sino tambi\u00e9n enfermeras del sector de la sanidad, que dependen del ministerio de Salud, entre otros empleados de la administraci\u00f3n p\u00fablica, ya que es el Frente de Gremios Estatales y no solo el SEOM el que organiz\u00f3 la toma de tierras, a lo que el diputado del Grosso contest\u00f3 <strong>\"puede ser, entonces que se haga cargo cada uno, los que son los jefes responsables administrativos, a ver si estamos cumpliendo con el horario de trabajo respectivo, porque eso lo estamos pagando con el impuesto de todos\".<\/strong><\/p>\n<p>Ahondando en las inquietudes que le despierta la toma de tierras que llevan a cabo los empleados p\u00fablicos sin tierra ni vivienda, Del Grosso apunt\u00f3 tambi\u00e9n contra el intendente Jorge y el senador Gerardo Morales: <strong>\"claramente se nota una facilidad de parte del intendente municipal, ya que no ha abierto la boca, hubo un silencio c\u00f3mplice\".<\/strong><\/p>\n<p>A esto a\u00f1adi\u00f3, disparando contra Gerardo Morales\u00a0<strong>\"el \u00fanico que habl\u00f3 fue el senador Gerardo Morales, con su t\u00edpico doble discurso en una nota que sali\u00f3 en los diarios, diciendo que repudiaba la toma pero que responsabilizaba al Gobierno provincial por el hecho; o sea por un lado dice una cosa, y por el otro borra con el codo lo que acaba de escribir porque legitima la ocupaci\u00f3n culpando al Gobierno\".<\/strong><\/p>\n<p>Al se\u00f1alarle que los trabajadores que tomaron las tierras aducen que no hubo respuesta del gobierno provincial ante reiterados pedidos, Del Grosso contest\u00f3 <strong>\"en los pr\u00f3ximos meses vamos a tener solucionada la problem\u00e1tica para 20 mil familias, hemos liquidado en cuatro a\u00f1os los dos tercios de la demanda de esta problem\u00e1tica, entonces \u00bfde qu\u00e9 est\u00e1 hablando el senador Morales?\u00a0 Gerardo Morales se ha transformado en un centro de desinformaci\u00f3n serial, o en el centro de des\u00e1nimo serial tambi\u00e9n\".<\/strong><\/p>\n<p>En \u00e9sa l\u00ednea critic\u00f3 a la oposici\u00f3n por las cr\u00edticas a las que consider\u00f3 falaces <strong>\"yo creo que la cr\u00edtica al Gobierno va m\u00e1s all\u00e1 de la gesti\u00f3n del gobierno provincia, ellos siguen sosteniendo que nadie hace absolutamente nada, que no se hace nada.\u00a0 Yo creo que no se ofende al gobierno provincial sino que se ofende a la comunidad juje\u00f1a en su conjunto.\u00a0 Son unos mufa, viven hablando en forma pesimista todo el d\u00eda, para ellos nadie hace nada, para ellos los juje\u00f1os somos totalmente in\u00fatiles, o vagos o tontos.\u00a0 Creo que le faltan el respeto a toda la sociedad juje\u00f1a.\u00a0 Nosotros siempre hemos visto en las cr\u00edticas, m\u00e1s que a una amenaza, a una oportunidad; nunca nos han molestado.\u00a0 De ah\u00ed a decirle a la gente, a mentirle, que nada se hace bien, que no se hace nada en absoluto, pone en evidencia a mentirosos\".<\/strong><\/p>\n<p>En este sentido se\u00f1al\u00f3 que diputados radicales tienen la informaci\u00f3n precisa sobre los alcances de las pol\u00edticas del Gobierno, pero los estar\u00edan escondiendo y callando: <strong>\"estos datos que les doy ellos los tienen.\u00a0 El diputado Rizzotti participa conmigo en la Comisi\u00f3n de tierras, en el \u00e1mbito del Ministerio de Tierra y Vivienda; el tiene toda esta informaci\u00f3n y la oculta.\u00a0 Esto no habla bien de la buena fe de la UCR, desinforman a la poblaci\u00f3n.\u00a0 Pero ya nos tienen acostumbrados, esta es la forma que tienen de hacer politiquer\u00eda barata, y lo peor es que creen que con eso repuntan\".<\/strong><\/p>\n<p style=\"text-align: center;\"><strong>BUENAS NOTICIAS<\/strong><\/p>\n<p>El diputado Del Grosso crey\u00f3 justo cerrar la entrevista con un anuncio positivo.\u00a0 En este sentido destac\u00f3 que la provincia avanza con un importante mega proyecto cuyas obras que ya se estar\u00eda licitando para que el servicio de suministro de energ\u00eda el\u00e9ctrica sea peramente e ininterrumpido, especialmente en aquellos parajes que depend\u00edan de la luz solar.<\/p>\n<p>En este sentido adelant\u00f3: <strong>\"en la pr\u00f3xima sesi\u00f3n, voy a hablar de algunos avances significativos que tenemos en las obras; de la enorme extensi\u00f3n de una obra revolucionaria: \u00a0 va a llegar la red de energ\u00eda el\u00e9ctrica -va a llegar la luz para que tengan luz las 24 horas del d\u00eda- a la casi totalidad de las poblaciones dispersas de Quebrada, Puna y Valle Grande. \u00a0<\/strong><\/p>\n<p>El diputado explic\u00f3 la importancia de la obra puesto que, a contrario de quienes vivimos en la ciudad -damos por descontado un servicio de suministro de energ\u00eda los 7 d\u00edas de la semana, 24 horas ininterrumpidas- en algunos parajes y comunidades alejadas depend\u00edan de paneles solares para el suministro el\u00e9ctrico que solo proveen\u00a0energ\u00eda limitada a ciertas horas del d\u00eda:<strong> \"son lugares alejados que ten\u00edan paneles solares, que depend\u00edan de la luz solar para abastecerse, no contaban con el voltaje necesario para mantener el servicio las 24 horas seguidas\".<\/strong><\/p>\n<p>Y explic\u00f3 <strong>\"est\u00e1 en marcha un plan de m\u00e1s de 500 millones de pesos, ya se est\u00e1 licitando, algunas obras ya est\u00e1n adjudicadas y a punto de empezarse. \u00a0Este plan va a hacer que haya una verdadera revoluci\u00f3n silenciosa y en paz en lo que se refiere al servicio el\u00e9ctrico\".\u00a0 <\/strong><\/p>\n<p><strong>\"Vamos camino a obtener 24 horas de energ\u00eda ininterrumpida para la totalidad de la poblaci\u00f3n, esto es realmente incre\u00edble, es un sue\u00f1o hecho realidad, y fue posible gracias a Cristina y Eduardo\"<\/strong>, finaliz\u00f3<\/p>\n<p><a href=\"http:\/\/notinor.com\/jujuy\/wp-content\/uploads\/2015\/05\/DEL-GROSSO.jpg\"><img decoding=\"async\" loading=\"lazy\" class=\" wp-image-27784 aligncenter\" src=\"http:\/\/notinor.com\/jujuy\/wp-content\/uploads\/2015\/05\/DEL-GROSSO-300x207.jpg\" alt=\"DEL GROSSO\" width=\"583\" height=\"402\" \/><\/a><\/p>\n","protected":false},"excerpt":{"rendered":"<p>El diputado provincial Osvaldo del Grosso, presidente de la comisi\u00f3n de Obras P\u00fablicas de la Legislatura dialog\u00f3 con NOTINOR.COM sobre el estado de los servicios p\u00fablicos en la provincia de Jujuy. El diputado asegur\u00f3 que el alcance de los servicios p\u00fablicos es m\u00e1s que \u00f3ptimo, al punto que la energ\u00eda est\u00e1 llegando a parajes dispersos [&hellip;]<\/p>\n","protected":false},"author":1,"featured_media":27784,"comment_status":"open","ping_status":"open","sticky":false,"template":"","format":"standard","meta":{"_stopmodifiedupdate":false,"_modified_date":"","inline_featured_image":false},"categories":[493],"tags":[],"jetpack_featured_media_url":"https:\/\/notinor.com\/jujuy\/wp-content\/uploads\/2015\/05\/DEL-GROSSO.jpg","_links":{"self":[{"href":"https:\/\/notinor.com\/jujuy\/wp-json\/wp\/v2\/posts\/27783"}],"collection":[{"href":"https:\/\/notinor.com\/jujuy\/wp-json\/wp\/v2\/posts"}],"about":[{"href":"https:\/\/notinor.com\/jujuy\/wp-json\/wp\/v2\/types\/post"}],"author":[{"embeddable":true,"href":"https:\/\/notinor.com\/jujuy\/wp-json\/wp\/v2\/users\/1"}],"replies":[{"embeddable":true,"href":"https:\/\/notinor.com\/jujuy\/wp-json\/wp\/v2\/comments?post=27783"}],"version-history":[{"count":16,"href":"https:\/\/notinor.com\/jujuy\/wp-json\/wp\/v2\/posts\/27783\/revisions"}],"predecessor-version":[{"id":27848,"href":"https:\/\/notinor.com\/jujuy\/wp-json\/wp\/v2\/posts\/27783\/revisions\/27848"}],"wp:featuredmedia":[{"embeddable":true,"href":"https:\/\/notinor.com\/jujuy\/wp-json\/wp\/v2\/media\/27784"}],"wp:attachment":[{"href":"https:\/\/notinor.com\/jujuy\/wp-json\/wp\/v2\/media?parent=27783"}],"wp:term":[{"taxonomy":"category","embeddable":true,"href":"https:\/\/notinor.com\/jujuy\/wp-json\/wp\/v2\/categories?post=27783"},{"taxonomy":"post_tag","embeddable":true,"href":"https:\/\/notinor.com\/jujuy\/wp-json\/wp\/v2\/tags?post=27783"}],"curies":[{"name":"wp","href":"https:\/\/api.w.org\/{rel}","templated":true}]}}