{"id":277280,"date":"2020-11-24T10:24:49","date_gmt":"2020-11-24T13:24:49","guid":{"rendered":"https:\/\/notinor.com\/jujuy\/?p=277280"},"modified":"2022-04-28T00:15:32","modified_gmt":"2022-04-28T03:15:32","slug":"ivan-de-pineda-desembarca-con-pasapalabra-en-telefe-y-podria-tener-nuevo-formato","status":"publish","type":"post","link":"https:\/\/notinor.com\/jujuy\/ivan-de-pineda-desembarca-con-pasapalabra-en-telefe-y-podria-tener-nuevo-formato\/","title":{"rendered":"Iv\u00e1n de Pineda desembarca con \"Pasapalabra\" en Telefe y podr\u00eda tener nuevo formato"},"content":{"rendered":"\n<p>Despu\u00e9s de varios en El Trece, el modelo y conductor se pasa a la competencia con su mayor \u00e9xito.<\/p>\n\n\n\n<figure class=\"wp-block-image\"><img decoding=\"async\" src=\"https:\/\/cdnvos.lavoz.com.ar\/sites\/default\/files\/styles\/width_1072\/public\/nota_periodistica\/pasapalabra-de-pineda_1606155789.jpg\" alt=\"\"\/><\/figure>\n\n\n\n<p>Tras m\u00e1s de 10 a\u00f1os como conductor en la pantalla de El Trece,\u00a0<a href=\"https:\/\/vos.lavoz.com.ar\/personas\/ivan-de-pineda\" target=\"_blank\" rel=\"noreferrer noopener\">Iv\u00e1n de Pineda<\/a>\u00a0tiene todo arreglado para desembarcar en Telefe. El cambio de canal ser\u00e1 con el programa que m\u00e1s satisfacciones y reconocmiento le dio al tambi\u00e9n modelo,\u00a0<a href=\"https:\/\/vos.lavoz.com.ar\/temas\/pasapalabra\" target=\"_blank\" rel=\"noreferrer noopener\"><strong>Pasapalabra<\/strong><\/a>.<\/p>\n\n\n\n<p>En abril pasado, el ciclo se despidi\u00f3 del canal dirigido por Adri\u00e1n Suar con la excusa de la pandemia y la emergencia sanitaria. \"En relaci\u00f3n a las medidas preventivas frente al coronavirus, y con el objetivo de salvaguardar la salud de todo el equipo t\u00e9cnico, producci\u00f3n, participantes e invitados especiales, Turner Latin America acord\u00f3 con eltrece la cancelaci\u00f3n de las grabaciones de Pasapalabra en Argentina\", dec\u00eda el comunicado.<\/p>\n\n\n\n<p>Con el correr de los meses, se supo que hab\u00eda algo m\u00e1s: la productora due\u00f1a de los derechos del programa es socia de Viacom, el grupo que adquiri\u00f3 Telefe en Argentina. Por eso, tentaron al conductor para hacer la mudanza.<\/p>\n\n\n\n<p>En la \u00faltima emisi\u00f3n de El show de los escandalones, Rodrigo Lussich anunci\u00f3 el regreso de Iv\u00e1n de Pineda a la televisi\u00f3n y la vuelta ser\u00e1 nada menos que en la pantalla del canal de las pelotitas y nuevamente con el exitoso formato.<\/p>\n\n\n\n<div class=\"wp-block-image\"><figure class=\"aligncenter is-resized\"><img decoding=\"async\" loading=\"lazy\" src=\"https:\/\/elintransigente.com\/wp-content\/uploads\/2020\/11\/Ivan-de-Pineda.jpg\" alt=\"Cambia de canal? Iv\u00e1n de Pineda estar\u00eda preparando su vuelta a la  televisi\u00f3n - El Intransigente\" width=\"691\" height=\"389\"\/><\/figure><\/div>\n\n\n\n<p>Horas m\u00e1s tarde, Teleshow public\u00f3 que el conductor estuvo grabando por estos d\u00edas los adelantos del nuevo programa en el m\u00e1s absoluto de los secretos. Seg\u00fan trascendi\u00f3, saldr\u00eda al aire en el mes de marzo, cuando la situaci\u00f3n de la pandemia est\u00e9 m\u00e1s clara.<\/p>\n\n\n\n<p>El anuncio oficial se realizar\u00e1 reci\u00e9n en diciembre y tambi\u00e9n podr\u00eda haber cambios en el formato. Podr\u00eda tener cuatro famosos y dos participantes o tal vez s\u00f3lo dos famosos para cumplir con todos los protocolos.<\/p>\n\n\n\n<p>No muchos recordar\u00e1n que el ciclo de entretenimientos tuvo una primera versi\u00f3n en Canal 9 con Claribel Medina en la conducci\u00f3n en el a\u00f1o 2002, pero su verdadero \u00e9xito se dio cuando debut\u00f3 en enero de 2016 en El Trece. El programa se mantuvo al aire de manera ininterrumpida con m\u00e1s de 700 emisiones y fue adoptado por otros pa\u00edses latinoamericanos como Chile y Uruguay.<\/p>\n","protected":false},"excerpt":{"rendered":"<p>Despu\u00e9s de varios en El Trece, el modelo y conductor se pasa a la competencia con su mayor \u00e9xito. Tras m\u00e1s de 10 a\u00f1os como conductor en la pantalla de El Trece,\u00a0Iv\u00e1n de Pineda\u00a0tiene todo arreglado para desembarcar en Telefe. El cambio de canal ser\u00e1 con el programa que m\u00e1s satisfacciones y reconocmiento le dio [&hellip;]<\/p>\n","protected":false},"author":40,"featured_media":277286,"comment_status":"open","ping_status":"open","sticky":false,"template":"","format":"standard","meta":{"_stopmodifiedupdate":false,"_modified_date":"","inline_featured_image":false,"spay_email":"","jetpack_publicize_message":""},"categories":[21],"tags":[],"jetpack_featured_media_url":"https:\/\/notinor.com\/jujuy\/wp-content\/uploads\/2020\/11\/pasapalabra-de-pineda_1606155789.jpg","jetpack_publicize_connections":[],"_links":{"self":[{"href":"https:\/\/notinor.com\/jujuy\/wp-json\/wp\/v2\/posts\/277280"}],"collection":[{"href":"https:\/\/notinor.com\/jujuy\/wp-json\/wp\/v2\/posts"}],"about":[{"href":"https:\/\/notinor.com\/jujuy\/wp-json\/wp\/v2\/types\/post"}],"author":[{"embeddable":true,"href":"https:\/\/notinor.com\/jujuy\/wp-json\/wp\/v2\/users\/40"}],"replies":[{"embeddable":true,"href":"https:\/\/notinor.com\/jujuy\/wp-json\/wp\/v2\/comments?post=277280"}],"version-history":[{"count":1,"href":"https:\/\/notinor.com\/jujuy\/wp-json\/wp\/v2\/posts\/277280\/revisions"}],"predecessor-version":[{"id":277287,"href":"https:\/\/notinor.com\/jujuy\/wp-json\/wp\/v2\/posts\/277280\/revisions\/277287"}],"wp:featuredmedia":[{"embeddable":true,"href":"https:\/\/notinor.com\/jujuy\/wp-json\/wp\/v2\/media\/277286"}],"wp:attachment":[{"href":"https:\/\/notinor.com\/jujuy\/wp-json\/wp\/v2\/media?parent=277280"}],"wp:term":[{"taxonomy":"category","embeddable":true,"href":"https:\/\/notinor.com\/jujuy\/wp-json\/wp\/v2\/categories?post=277280"},{"taxonomy":"post_tag","embeddable":true,"href":"https:\/\/notinor.com\/jujuy\/wp-json\/wp\/v2\/tags?post=277280"}],"curies":[{"name":"wp","href":"https:\/\/api.w.org\/{rel}","templated":true}]}}