{"id":277041,"date":"2020-11-21T08:20:39","date_gmt":"2020-11-21T11:20:39","guid":{"rendered":"https:\/\/notinor.com\/jujuy\/?p=277041"},"modified":"2020-11-21T11:24:24","modified_gmt":"2020-11-21T14:24:24","slug":"la-junta-de-seguridad-de-transporte-designa-investigador-por-el-accidente-de-jorge-brito","status":"publish","type":"post","link":"https:\/\/notinor.com\/jujuy\/la-junta-de-seguridad-de-transporte-designa-investigador-por-el-accidente-de-jorge-brito\/","title":{"rendered":"La Junta de Seguridad de Transporte designa investigador por el accidente de Jorge Brito"},"content":{"rendered":"\n<p>La JST anunci\u00f3 que el investigador viaj\u00f3 al lugar del accidente con otros tres peritos, todos de la sede de C\u00f3rdoba, y se encargar\u00e1 de \"coordinar las tareas del Equipo de Trabajo de Investigaci\u00f3n de Campo\" en busca de determinar el motivo del fatal siniestro.<\/p>\n\n\n\n<figure class=\"wp-block-image size-large\"><img decoding=\"async\" loading=\"lazy\" width=\"840\" height=\"385\" src=\"https:\/\/notinor.com\/jujuy\/wp-content\/uploads\/2020\/11\/brito-1-840x385.jpg\" alt=\"\" class=\"wp-image-277042\" srcset=\"https:\/\/notinor.com\/jujuy\/wp-content\/uploads\/2020\/11\/brito-1-840x385.jpg 840w, https:\/\/notinor.com\/jujuy\/wp-content\/uploads\/2020\/11\/brito-1-660x303.jpg 660w, https:\/\/notinor.com\/jujuy\/wp-content\/uploads\/2020\/11\/brito-1-768x352.jpg 768w, https:\/\/notinor.com\/jujuy\/wp-content\/uploads\/2020\/11\/brito-1-750x344.jpg 750w, https:\/\/notinor.com\/jujuy\/wp-content\/uploads\/2020\/11\/brito-1.jpg 874w\" sizes=\"(max-width: 840px) 100vw, 840px\" \/><\/figure>\n\n\n\n<p>La la Junta de Seguridad en el Transporte (JST) design\u00f3 este viernes a un investigador para determinar las causas del accidente en el que muri\u00f3 el banquero Jorge Brito tras la ca\u00edda de su helic\u00f3ptero en Salta.<\/p>\n\n\n\n<p>La JST anunci\u00f3 que el investigador se dirig\u00eda esta noche al lugar del accidente con otros tres peritos, todos de la sede de C\u00f3rdoba, y se encargar\u00e1 de \"coordinar las tareas del Equipo de Trabajo de Investigaci\u00f3n de Campo (ETIC)\".<\/p>\n\n\n\n<p>El accidente en el que muri\u00f3 Brito ocurri\u00f3 a las 15.30, cuando se precipit\u00f3 a las aguas del Embalse Cabra Corral el helic\u00f3ptero Eurocopter Ecureuil matr\u00edcula LV-FQN en el que viajaba el empresario junto a un piloto<\/p>\n\n\n\n<p>La JST inform\u00f3 en un comunicado que se \"dispusieron todos los mecanismos necesarios para garantizar el acceso a la documentaci\u00f3n e informaci\u00f3n requerida para la investigaci\u00f3n\"<\/p>\n\n\n\n<p>Las primeras informaciones oficiales sobre las causas del accidente estar\u00e1n 12 horas despu\u00e9s al arribo de los investigadores al lugar del accidente, mientras que el informe b\u00e1sico se publicar\u00e1 \"luego de las 48 horas. de iniciada la investigaci\u00f3n\", destac\u00f3 la JST.<\/p>\n","protected":false},"excerpt":{"rendered":"<p>La JST anunci\u00f3 que el investigador viaj\u00f3 al lugar del accidente con otros tres peritos, todos de la sede de C\u00f3rdoba, y se encargar\u00e1 de \"coordinar las tareas del Equipo de Trabajo de Investigaci\u00f3n de Campo\" en busca de determinar el motivo del fatal siniestro. La la Junta de Seguridad en el Transporte (JST) design\u00f3 [&hellip;]<\/p>\n","protected":false},"author":5,"featured_media":277042,"comment_status":"open","ping_status":"open","sticky":false,"template":"","format":"standard","meta":{"_stopmodifiedupdate":false,"_modified_date":"","inline_featured_image":false,"spay_email":"","jetpack_publicize_message":""},"categories":[489],"tags":[],"jetpack_featured_media_url":"https:\/\/notinor.com\/jujuy\/wp-content\/uploads\/2020\/11\/brito-1.jpg","jetpack_publicize_connections":[],"_links":{"self":[{"href":"https:\/\/notinor.com\/jujuy\/wp-json\/wp\/v2\/posts\/277041"}],"collection":[{"href":"https:\/\/notinor.com\/jujuy\/wp-json\/wp\/v2\/posts"}],"about":[{"href":"https:\/\/notinor.com\/jujuy\/wp-json\/wp\/v2\/types\/post"}],"author":[{"embeddable":true,"href":"https:\/\/notinor.com\/jujuy\/wp-json\/wp\/v2\/users\/5"}],"replies":[{"embeddable":true,"href":"https:\/\/notinor.com\/jujuy\/wp-json\/wp\/v2\/comments?post=277041"}],"version-history":[{"count":1,"href":"https:\/\/notinor.com\/jujuy\/wp-json\/wp\/v2\/posts\/277041\/revisions"}],"predecessor-version":[{"id":277043,"href":"https:\/\/notinor.com\/jujuy\/wp-json\/wp\/v2\/posts\/277041\/revisions\/277043"}],"wp:featuredmedia":[{"embeddable":true,"href":"https:\/\/notinor.com\/jujuy\/wp-json\/wp\/v2\/media\/277042"}],"wp:attachment":[{"href":"https:\/\/notinor.com\/jujuy\/wp-json\/wp\/v2\/media?parent=277041"}],"wp:term":[{"taxonomy":"category","embeddable":true,"href":"https:\/\/notinor.com\/jujuy\/wp-json\/wp\/v2\/categories?post=277041"},{"taxonomy":"post_tag","embeddable":true,"href":"https:\/\/notinor.com\/jujuy\/wp-json\/wp\/v2\/tags?post=277041"}],"curies":[{"name":"wp","href":"https:\/\/api.w.org\/{rel}","templated":true}]}}