{"id":276998,"date":"2020-11-20T22:31:00","date_gmt":"2020-11-21T01:31:00","guid":{"rendered":"https:\/\/notinor.com\/jujuy\/?p=276998"},"modified":"2020-11-21T10:37:22","modified_gmt":"2020-11-21T13:37:22","slug":"que-hacemos-el-finde","status":"publish","type":"post","link":"https:\/\/notinor.com\/jujuy\/que-hacemos-el-finde\/","title":{"rendered":"\u00bfQu\u00e9 hacemos el finde?"},"content":{"rendered":"\n<p>Este fin de semana, la Municipalidad de la Capital, te ofrece propuestas culturales y gratuitas para todos, como as\u00ed tambi\u00e9n se sigue con el proyecto para potenciar al ecosistema emprendedor.<\/p>\n\n\n\n<div class=\"wp-block-image\"><figure class=\"aligncenter size-large\"><img decoding=\"async\" loading=\"lazy\" width=\"510\" height=\"480\" src=\"https:\/\/notinor.com\/jujuy\/wp-content\/uploads\/2020\/11\/Patio-emprendedores-510x480.jpeg\" alt=\"\" class=\"wp-image-277003\" srcset=\"https:\/\/notinor.com\/jujuy\/wp-content\/uploads\/2020\/11\/Patio-emprendedores-510x480.jpeg 510w, https:\/\/notinor.com\/jujuy\/wp-content\/uploads\/2020\/11\/Patio-emprendedores-388x365.jpeg 388w, https:\/\/notinor.com\/jujuy\/wp-content\/uploads\/2020\/11\/Patio-emprendedores.jpeg 555w\" sizes=\"(max-width: 510px) 100vw, 510px\" \/><\/figure><\/div>\n\n\n\n<p>Por fin es viernes y con ello se dio inicio a este fin de semana cultural con una muestra visual bajo el t\u00edtulo de: \u201cDesde el Sal\u00f3n\u201d de la artista Juli Miranda, podes ser parte de esta galer\u00eda online ingresando al sitio web:\u00a0http:\/\/culturamunijujuy.gob.ar<br>Luego, a partir de las 21 hs., se transmitir\u00e1 un Show de Stand Up en vivo y online por el instagram: @culturamunijujuy que luego estar\u00e1 subido en la p\u00e1gina web de la direcci\u00f3n de Cultura.<\/p>\n\n\n\n<p>El s\u00e1bado 21 de 11 a 18 hs. los vecinos podr\u00e1n participar del \u201cPaseo Gastron\u00f3mico en Reyes\u201d, a\u00a0realizarse en la Plaza Nicol\u00e1s Lamadrid\u00a0de esa localidad tur\u00edstica, donde se podr\u00e1 adquirir comidas regionales y productos dulces con modalidad de \u201ccomidas para llevar\u201d. En el marco de la nueva normalidad y\u00a0cumpliendo un protocolo de distanciamiento f\u00edsico y espacio\u00a0abierto, la Municipalidad de San Salvador de Jujuy, a trav\u00e9s de la Delegaci\u00f3n Municipal de Villa Jard\u00edn de Reyes, y junto a los emprendedores ofrecer\u00e1n diversos platos regionales y dulces para degustar ese d\u00eda, con modalidad de comida para retirar.<\/p>\n\n\n\n<p>Por la tarde, todos los vecinos podr\u00e1n visitar el \u201cPatio de Emprendedores Sostenible\u201d, que tendr\u00e1 lugar el s\u00e1bado a partir de las 16.30 hs., en la Plaza Seca del Centro Cultural \u201c\u00c9xodo Juje\u00f1o\u201d. La exposici\u00f3n cuenta con producciones artesanales de diferentes rubros hecha por manos juje\u00f1as y se complementar\u00e1 con la puesta en escena de un \u201cMercado de Arte\u201d, la Galer\u00eda Brotes.<\/p>\n\n\n\n<p>Cerramos el fin de semana con el \u201cD\u00eda de la M\u00fasica\u201d, el primer evento al aire libre que se da en el marco de la flexibilizaci\u00f3n de la pandemia, donde se podr\u00e1n disfrutar de las voces de importantes invitados.\u00a0El d\u00eda s\u00e1bado 21, desde las 20 hs., y domingo 22, a partir de las19 hs., en el Anfiteatro \u201cLas Lavanderas\u201d del Parque Xibi Xibi.<\/p>\n","protected":false},"excerpt":{"rendered":"<p>Este fin de semana, la Municipalidad de la Capital, te ofrece propuestas culturales y gratuitas para todos, como as\u00ed tambi\u00e9n se sigue con el proyecto para potenciar al ecosistema emprendedor. Por fin es viernes y con ello se dio inicio a este fin de semana cultural con una muestra visual bajo el t\u00edtulo de: \u201cDesde [&hellip;]<\/p>\n","protected":false},"author":5,"featured_media":277003,"comment_status":"open","ping_status":"open","sticky":false,"template":"","format":"standard","meta":{"_stopmodifiedupdate":false,"_modified_date":"","inline_featured_image":false,"spay_email":"","jetpack_publicize_message":""},"categories":[13],"tags":[],"jetpack_featured_media_url":"https:\/\/notinor.com\/jujuy\/wp-content\/uploads\/2020\/11\/Patio-emprendedores.jpeg","jetpack_publicize_connections":[],"_links":{"self":[{"href":"https:\/\/notinor.com\/jujuy\/wp-json\/wp\/v2\/posts\/276998"}],"collection":[{"href":"https:\/\/notinor.com\/jujuy\/wp-json\/wp\/v2\/posts"}],"about":[{"href":"https:\/\/notinor.com\/jujuy\/wp-json\/wp\/v2\/types\/post"}],"author":[{"embeddable":true,"href":"https:\/\/notinor.com\/jujuy\/wp-json\/wp\/v2\/users\/5"}],"replies":[{"embeddable":true,"href":"https:\/\/notinor.com\/jujuy\/wp-json\/wp\/v2\/comments?post=276998"}],"version-history":[{"count":1,"href":"https:\/\/notinor.com\/jujuy\/wp-json\/wp\/v2\/posts\/276998\/revisions"}],"predecessor-version":[{"id":277004,"href":"https:\/\/notinor.com\/jujuy\/wp-json\/wp\/v2\/posts\/276998\/revisions\/277004"}],"wp:featuredmedia":[{"embeddable":true,"href":"https:\/\/notinor.com\/jujuy\/wp-json\/wp\/v2\/media\/277003"}],"wp:attachment":[{"href":"https:\/\/notinor.com\/jujuy\/wp-json\/wp\/v2\/media?parent=276998"}],"wp:term":[{"taxonomy":"category","embeddable":true,"href":"https:\/\/notinor.com\/jujuy\/wp-json\/wp\/v2\/categories?post=276998"},{"taxonomy":"post_tag","embeddable":true,"href":"https:\/\/notinor.com\/jujuy\/wp-json\/wp\/v2\/tags?post=276998"}],"curies":[{"name":"wp","href":"https:\/\/api.w.org\/{rel}","templated":true}]}}