{"id":276956,"date":"2020-11-20T21:48:48","date_gmt":"2020-11-21T00:48:48","guid":{"rendered":"https:\/\/notinor.com\/jujuy\/?p=276956"},"modified":"2020-11-20T21:49:43","modified_gmt":"2020-11-21T00:49:43","slug":"boca-sumo-otra-derrota-ante-lanus","status":"publish","type":"post","link":"https:\/\/notinor.com\/jujuy\/boca-sumo-otra-derrota-ante-lanus\/","title":{"rendered":"Boca sum\u00f3 otra derrota ante Lan\u00fas"},"content":{"rendered":"\n<p>El Granate festej\u00f3 por primera vez en la Copa de la Liga Profesional al imponerse por 2-1 en La Bombonera con un doblete de Orsini. El Xeneize, con muchos suplentes, reaccion\u00f3 tarde y descont\u00f3 con Wanchope \u00c1bila.<\/p>\n\n\n\n<figure class=\"wp-block-image size-large\"><img decoding=\"async\" loading=\"lazy\" width=\"840\" height=\"473\" src=\"https:\/\/notinor.com\/jujuy\/wp-content\/uploads\/2020\/11\/lanus-festejo-boca_862x485-840x473.jpg\" alt=\"\" class=\"wp-image-276957\" srcset=\"https:\/\/notinor.com\/jujuy\/wp-content\/uploads\/2020\/11\/lanus-festejo-boca_862x485-840x473.jpg 840w, https:\/\/notinor.com\/jujuy\/wp-content\/uploads\/2020\/11\/lanus-festejo-boca_862x485-649x365.jpg 649w, https:\/\/notinor.com\/jujuy\/wp-content\/uploads\/2020\/11\/lanus-festejo-boca_862x485-768x432.jpg 768w, https:\/\/notinor.com\/jujuy\/wp-content\/uploads\/2020\/11\/lanus-festejo-boca_862x485-750x422.jpg 750w, https:\/\/notinor.com\/jujuy\/wp-content\/uploads\/2020\/11\/lanus-festejo-boca_862x485.jpg 862w\" sizes=\"(max-width: 840px) 100vw, 840px\" \/><\/figure>\n\n\n\n<p><strong>Lan\u00fas le propin\u00f3 a Boca este viernes su segunda ca\u00edda consecutiva de la Copa de la Liga Profesional\u00a0<\/strong>al vencerlo\u00a0<strong>en La Bombonera por 2-1.\u00a0<\/strong>El equipo de Luis Zubeld\u00eda consigui\u00f3 as\u00ed a todo trapo su primer \u00e9xito en el torneo y sue\u00f1a con una recuperaci\u00f3n que lo deposite en la lucha por el t\u00edtulo.<\/p>\n\n\n\n<p>En el comienzo vislumbr\u00f3 m\u00e1s el conjunto granate y no sorprendi\u00f3 cuando abri\u00f3 la cuenta a los 27 minutos del primer tiempo tras una veloz contra que termin\u00f3 con<strong>&nbsp;Pedro De la Vega<\/strong>&nbsp;enviando un centro desde la derecha que capitaliz\u00f3&nbsp;<strong>Nicol\u00e1s Orsini<\/strong>&nbsp;entrando solo por el primer palo.<\/p>\n\n\n\n<p>El desarrollo continu\u00f3 parejo con un local que no reaccionaba y, a los 44,<strong>&nbsp;se repiti\u00f3 la f\u00f3rmula De la Vega-Orsini<\/strong>, \u00e9ste desair\u00f3 a Carlos Zambrano y defini\u00f3 ante Esteban Andrada por derecha con un disparo cruzado.<\/p>\n\n\n\n<p>En el complemento, los de Miguel Russo lograron cambiar su imagen: lleg\u00f3 la pol\u00e9mica cuando Alexis P\u00e9rez le desvi\u00f3 con el codo un disparo a Sebasti\u00e1n Villa y tambi\u00e9n hubo chances de Mauro Z\u00e1rate, el ingresado Nicol\u00e1s Capaldo y otro intento de Ram\u00f3n \u00c1bila, antes de que a los 40 descontara el mismo&nbsp;<strong>Wanchope&nbsp;<\/strong>al aprovechar un rebote tras un centro de Villa.<\/p>\n\n\n\n<p>Sin embargo, quedaba poco tiempo que pudiera aprovechar el anfitri\u00f3n. A los 47, Lautaro Morales se visti\u00f3 de h\u00e9roe al sacarle un furibundo cabezazo a Lisandro L\u00f3pez.<\/p>\n\n\n\n<p>Al final, Lan\u00fas se llev\u00f3 su premio por lo hecho en el segmento inicial y un Boca&nbsp; con muchos suplentes pensando en la Copa Libertadores qued\u00f3 con una mueca de conformidad por la reacci\u00f3n que no alcanz\u00f3 para evitar su segundo traspi\u00e9 al hilo y que deja con&nbsp;<strong>final abierto la Zona 4.<\/strong><\/p>\n","protected":false},"excerpt":{"rendered":"<p>El Granate festej\u00f3 por primera vez en la Copa de la Liga Profesional al imponerse por 2-1 en La Bombonera con un doblete de Orsini. El Xeneize, con muchos suplentes, reaccion\u00f3 tarde y descont\u00f3 con Wanchope \u00c1bila. Lan\u00fas le propin\u00f3 a Boca este viernes su segunda ca\u00edda consecutiva de la Copa de la Liga Profesional\u00a0al [&hellip;]<\/p>\n","protected":false},"author":37,"featured_media":276957,"comment_status":"open","ping_status":"open","sticky":false,"template":"","format":"standard","meta":{"_stopmodifiedupdate":false,"_modified_date":"","inline_featured_image":false,"spay_email":"","jetpack_publicize_message":""},"categories":[7],"tags":[],"jetpack_featured_media_url":"https:\/\/notinor.com\/jujuy\/wp-content\/uploads\/2020\/11\/lanus-festejo-boca_862x485.jpg","jetpack_publicize_connections":[],"_links":{"self":[{"href":"https:\/\/notinor.com\/jujuy\/wp-json\/wp\/v2\/posts\/276956"}],"collection":[{"href":"https:\/\/notinor.com\/jujuy\/wp-json\/wp\/v2\/posts"}],"about":[{"href":"https:\/\/notinor.com\/jujuy\/wp-json\/wp\/v2\/types\/post"}],"author":[{"embeddable":true,"href":"https:\/\/notinor.com\/jujuy\/wp-json\/wp\/v2\/users\/37"}],"replies":[{"embeddable":true,"href":"https:\/\/notinor.com\/jujuy\/wp-json\/wp\/v2\/comments?post=276956"}],"version-history":[{"count":1,"href":"https:\/\/notinor.com\/jujuy\/wp-json\/wp\/v2\/posts\/276956\/revisions"}],"predecessor-version":[{"id":276958,"href":"https:\/\/notinor.com\/jujuy\/wp-json\/wp\/v2\/posts\/276956\/revisions\/276958"}],"wp:featuredmedia":[{"embeddable":true,"href":"https:\/\/notinor.com\/jujuy\/wp-json\/wp\/v2\/media\/276957"}],"wp:attachment":[{"href":"https:\/\/notinor.com\/jujuy\/wp-json\/wp\/v2\/media?parent=276956"}],"wp:term":[{"taxonomy":"category","embeddable":true,"href":"https:\/\/notinor.com\/jujuy\/wp-json\/wp\/v2\/categories?post=276956"},{"taxonomy":"post_tag","embeddable":true,"href":"https:\/\/notinor.com\/jujuy\/wp-json\/wp\/v2\/tags?post=276956"}],"curies":[{"name":"wp","href":"https:\/\/api.w.org\/{rel}","templated":true}]}}