{"id":276953,"date":"2020-11-20T21:41:25","date_gmt":"2020-11-21T00:41:25","guid":{"rendered":"https:\/\/notinor.com\/jujuy\/?p=276953"},"modified":"2020-11-20T21:41:32","modified_gmt":"2020-11-21T00:41:32","slug":"este-viernes-se-registraron-11-casos-positivos-y-el-deceso-de-un-hombre-de-60-anos","status":"publish","type":"post","link":"https:\/\/notinor.com\/jujuy\/este-viernes-se-registraron-11-casos-positivos-y-el-deceso-de-un-hombre-de-60-anos\/","title":{"rendered":"Este viernes se registraron 11 casos positivos y el deceso de un hombre de 60 a\u00f1os"},"content":{"rendered":"\n<p>El COE emiti\u00f3 el reporte diario.<\/p>\n\n\n\n<figure class=\"wp-block-image size-large\"><img decoding=\"async\" loading=\"lazy\" width=\"840\" height=\"387\" src=\"https:\/\/notinor.com\/jujuy\/wp-content\/uploads\/2020\/11\/WhatsApp-Image-2020-07-23-at-09.06.33-1024x472-1-840x387.jpeg\" alt=\"\" class=\"wp-image-276954\" srcset=\"https:\/\/notinor.com\/jujuy\/wp-content\/uploads\/2020\/11\/WhatsApp-Image-2020-07-23-at-09.06.33-1024x472-1-840x387.jpeg 840w, https:\/\/notinor.com\/jujuy\/wp-content\/uploads\/2020\/11\/WhatsApp-Image-2020-07-23-at-09.06.33-1024x472-1-660x304.jpeg 660w, https:\/\/notinor.com\/jujuy\/wp-content\/uploads\/2020\/11\/WhatsApp-Image-2020-07-23-at-09.06.33-1024x472-1-768x354.jpeg 768w, https:\/\/notinor.com\/jujuy\/wp-content\/uploads\/2020\/11\/WhatsApp-Image-2020-07-23-at-09.06.33-1024x472-1-750x346.jpeg 750w, https:\/\/notinor.com\/jujuy\/wp-content\/uploads\/2020\/11\/WhatsApp-Image-2020-07-23-at-09.06.33-1024x472-1.jpeg 1024w\" sizes=\"(max-width: 840px) 100vw, 840px\" \/><\/figure>\n\n\n\n<p>La Subdirecci\u00f3n de Epidemiolog\u00eda inform\u00f3 que hoy viernes se confirmaron 11 nuevos casos de COVID-19 en la provincia y recibieron el alta m\u00e9dica 18 pacientes. As\u00ed mismo, se notific\u00f3 el fallecimiento de un hombre de 60 a\u00f1os de edad.\u00a0<\/p>\n\n\n\n<p><strong>Estado de situaci\u00f3n desde el inicio de la pandemia:<\/strong><\/p>\n\n\n\n<ul><li>Hasta el momento se realizaron 51.276 tests PCR en toda la provincia.<\/li><\/ul>\n\n\n\n<ul><li>Se arrojaron un total de 18.217 casos positivos. <\/li><\/ul>\n\n\n\n<ul><li>Se recuperaron de la enfermedad \u00a017.204. <\/li><\/ul>\n\n\n\n<ul><li>Fallecieron 835 personas.<\/li><\/ul>\n\n\n\n<p><strong>Detalle de casos positivos seg\u00fan localidad:<\/strong><\/p>\n\n\n\n<p>San Salvador de Jujuy &nbsp;&nbsp;4<\/p>\n\n\n\n<p>Abra Pampa&nbsp;&nbsp;&nbsp;&nbsp;&nbsp;&nbsp; 2<\/p>\n\n\n\n<p>Humahuaca&nbsp;&nbsp;&nbsp;&nbsp;&nbsp;&nbsp; 2<\/p>\n\n\n\n<p>El Carmen&nbsp;&nbsp;&nbsp;&nbsp;&nbsp;&nbsp;&nbsp;&nbsp;&nbsp;&nbsp; 1<\/p>\n\n\n\n<p>En averiguaci\u00f3n &nbsp;&nbsp;&nbsp;&nbsp;&nbsp;&nbsp;&nbsp;&nbsp;&nbsp;&nbsp;&nbsp;&nbsp;&nbsp; 2&nbsp;&nbsp;&nbsp;&nbsp;&nbsp;&nbsp;&nbsp;&nbsp;&nbsp;&nbsp;&nbsp;&nbsp;<\/p>\n","protected":false},"excerpt":{"rendered":"<p>El COE emiti\u00f3 el reporte diario. La Subdirecci\u00f3n de Epidemiolog\u00eda inform\u00f3 que hoy viernes se confirmaron 11 nuevos casos de COVID-19 en la provincia y recibieron el alta m\u00e9dica 18 pacientes. As\u00ed mismo, se notific\u00f3 el fallecimiento de un hombre de 60 a\u00f1os de edad.\u00a0 Estado de situaci\u00f3n desde el inicio de la pandemia: Hasta [&hellip;]<\/p>\n","protected":false},"author":37,"featured_media":276954,"comment_status":"open","ping_status":"open","sticky":false,"template":"","format":"standard","meta":{"_stopmodifiedupdate":false,"_modified_date":"","inline_featured_image":false,"spay_email":"","jetpack_publicize_message":""},"categories":[2],"tags":[],"jetpack_featured_media_url":"https:\/\/notinor.com\/jujuy\/wp-content\/uploads\/2020\/11\/WhatsApp-Image-2020-07-23-at-09.06.33-1024x472-1.jpeg","jetpack_publicize_connections":[],"_links":{"self":[{"href":"https:\/\/notinor.com\/jujuy\/wp-json\/wp\/v2\/posts\/276953"}],"collection":[{"href":"https:\/\/notinor.com\/jujuy\/wp-json\/wp\/v2\/posts"}],"about":[{"href":"https:\/\/notinor.com\/jujuy\/wp-json\/wp\/v2\/types\/post"}],"author":[{"embeddable":true,"href":"https:\/\/notinor.com\/jujuy\/wp-json\/wp\/v2\/users\/37"}],"replies":[{"embeddable":true,"href":"https:\/\/notinor.com\/jujuy\/wp-json\/wp\/v2\/comments?post=276953"}],"version-history":[{"count":1,"href":"https:\/\/notinor.com\/jujuy\/wp-json\/wp\/v2\/posts\/276953\/revisions"}],"predecessor-version":[{"id":276955,"href":"https:\/\/notinor.com\/jujuy\/wp-json\/wp\/v2\/posts\/276953\/revisions\/276955"}],"wp:featuredmedia":[{"embeddable":true,"href":"https:\/\/notinor.com\/jujuy\/wp-json\/wp\/v2\/media\/276954"}],"wp:attachment":[{"href":"https:\/\/notinor.com\/jujuy\/wp-json\/wp\/v2\/media?parent=276953"}],"wp:term":[{"taxonomy":"category","embeddable":true,"href":"https:\/\/notinor.com\/jujuy\/wp-json\/wp\/v2\/categories?post=276953"},{"taxonomy":"post_tag","embeddable":true,"href":"https:\/\/notinor.com\/jujuy\/wp-json\/wp\/v2\/tags?post=276953"}],"curies":[{"name":"wp","href":"https:\/\/api.w.org\/{rel}","templated":true}]}}