{"id":27684,"date":"2015-05-18T15:32:03","date_gmt":"2015-05-18T18:32:03","guid":{"rendered":"http:\/\/notinor.com\/jujuy\/?p=27684"},"modified":"2015-05-18T15:32:03","modified_gmt":"2015-05-18T18:32:03","slug":"el-paro-del-transporte-y-las-cgt-sera-el-9-de-junio","status":"publish","type":"post","link":"https:\/\/notinor.com\/jujuy\/el-paro-del-transporte-y-las-cgt-sera-el-9-de-junio\/","title":{"rendered":"El paro del transporte y las CGT ser\u00e1 el 9 de junio"},"content":{"rendered":"<p>Los gremios del transporte convocar\u00e1n a las tres vertientes de la CGT a realizar un paro de 24 horas el martes 9 de junio. As\u00ed lo manifest\u00f3 el secretario general de la Confederaci\u00f3n Argentina de Trabajadores del Transporte (CATT), Juan Carlos Schmid, que asegur\u00f3 esa ser\u00e1 la propuesta que le elevar\u00e1 hoy a las centrales obreras.<\/p>\n<p>Los dos sectores disidentes de la CGT, encabezados por Hugo Moyano y Luis Barrionuevo , ya aceptaron unificar sus reclamos y tambi\u00e9n se sumar\u00eda la CTA de Pablo Micheli. Los gremialistas reclaman por las negociaciones salariales con l\u00edmites para los porcentajes de aumento y por considerar insuficientes las modificaciones al impuesto a las ganancias anunciadas por el ministro Axel Kicillof.<\/p>\n<p>El apoyo de Moyano es clave para una protesta que se inici\u00f3 con la misma metodolog\u00eda que el \u00faltimo paro nacional, el 31 de marzo. Primero, los transportistas lanzaron una medida sectorial y abrieron una puerta para las adhesiones, que se sumaron despu\u00e9s. Fue la huelga de mayor impacto contra Cristina Kirchner.<\/p>\n<p>Todav\u00eda resta conocer qu\u00e9 postura tomar\u00e1 la CGT oficialista, liderada por el metal\u00fargico Antonio Cal\u00f3. Se especula con que, como sucedi\u00f3 durante el paro del 31 de enero, la central obrera puede no adherirse al paro, pero dar libertad de acci\u00f3n para que los gremios que la componen puedan participar si as\u00ed lo desean.<\/p>\n<p>El secretario adjunto del gremio de los Camioneros, Pablo Moyano, hab\u00eda estimado al paro nacional que lanzaron los sindicatos del transporte \"seguramente se van a adherir gremios\" cercanos a la Casa Rosada.<\/p>\n<p>\"Adem\u00e1s de la CTA de Micheli, la CGT Azul y Blanca de Luis Barrionuevo, se adherir\u00e1n incluso los gremios que est\u00e1n del lado del Gobierno, porque sus bases no est\u00e1n de acuerdo con el 27 por ciento de aumento\", hab\u00eda manifestado.<\/p>\n","protected":false},"excerpt":{"rendered":"<p>Los gremios del transporte convocar\u00e1n a las tres vertientes de la CGT a realizar un paro de 24 horas el martes 9 de junio. As\u00ed lo manifest\u00f3 el secretario general de la Confederaci\u00f3n Argentina de Trabajadores del Transporte (CATT), Juan Carlos Schmid, que asegur\u00f3 esa ser\u00e1 la propuesta que le elevar\u00e1 hoy a las centrales [&hellip;]<\/p>\n","protected":false},"author":1,"featured_media":27685,"comment_status":"open","ping_status":"open","sticky":false,"template":"","format":"standard","meta":{"_stopmodifiedupdate":false,"_modified_date":"","inline_featured_image":false},"categories":[5],"tags":[],"jetpack_featured_media_url":"https:\/\/notinor.com\/jujuy\/wp-content\/uploads\/2015\/05\/nuevo-paro-nacional.jpg","_links":{"self":[{"href":"https:\/\/notinor.com\/jujuy\/wp-json\/wp\/v2\/posts\/27684"}],"collection":[{"href":"https:\/\/notinor.com\/jujuy\/wp-json\/wp\/v2\/posts"}],"about":[{"href":"https:\/\/notinor.com\/jujuy\/wp-json\/wp\/v2\/types\/post"}],"author":[{"embeddable":true,"href":"https:\/\/notinor.com\/jujuy\/wp-json\/wp\/v2\/users\/1"}],"replies":[{"embeddable":true,"href":"https:\/\/notinor.com\/jujuy\/wp-json\/wp\/v2\/comments?post=27684"}],"version-history":[{"count":1,"href":"https:\/\/notinor.com\/jujuy\/wp-json\/wp\/v2\/posts\/27684\/revisions"}],"predecessor-version":[{"id":27686,"href":"https:\/\/notinor.com\/jujuy\/wp-json\/wp\/v2\/posts\/27684\/revisions\/27686"}],"wp:featuredmedia":[{"embeddable":true,"href":"https:\/\/notinor.com\/jujuy\/wp-json\/wp\/v2\/media\/27685"}],"wp:attachment":[{"href":"https:\/\/notinor.com\/jujuy\/wp-json\/wp\/v2\/media?parent=27684"}],"wp:term":[{"taxonomy":"category","embeddable":true,"href":"https:\/\/notinor.com\/jujuy\/wp-json\/wp\/v2\/categories?post=27684"},{"taxonomy":"post_tag","embeddable":true,"href":"https:\/\/notinor.com\/jujuy\/wp-json\/wp\/v2\/tags?post=27684"}],"curies":[{"name":"wp","href":"https:\/\/api.w.org\/{rel}","templated":true}]}}