{"id":276665,"date":"2020-11-19T08:49:57","date_gmt":"2020-11-19T11:49:57","guid":{"rendered":"https:\/\/notinor.com\/jujuy\/?p=276665"},"modified":"2020-11-19T08:50:03","modified_gmt":"2020-11-19T11:50:03","slug":"dia-mundial-de-la-prevencion-y-deteccion-de-abuso-sexual-infantil-capacitaran-a-profesionales-jujenos","status":"publish","type":"post","link":"https:\/\/notinor.com\/jujuy\/dia-mundial-de-la-prevencion-y-deteccion-de-abuso-sexual-infantil-capacitaran-a-profesionales-jujenos\/","title":{"rendered":"D\u00eda mundial de la prevenci\u00f3n y detecci\u00f3n de abuso sexual infantil: capacitar\u00e1n a profesionales juje\u00f1os"},"content":{"rendered":"\n<p>La capacitaci\u00f3n tiene como objetivo visibilizar la problem\u00e1tica y actuaci\u00f3n frente al Abuso Sexual en ni\u00f1os, ni\u00f1as y adolescentes a trav\u00e9s de un espacio de capacitaci\u00f3n en pos de efectivizar sus derechos. <\/p>\n\n\n\n<figure class=\"wp-block-image size-large\"><img decoding=\"async\" loading=\"lazy\" width=\"760\" height=\"480\" src=\"https:\/\/notinor.com\/jujuy\/wp-content\/uploads\/2020\/11\/47278_171253_1-760x480.jpg\" alt=\"\" class=\"wp-image-276666\" srcset=\"https:\/\/notinor.com\/jujuy\/wp-content\/uploads\/2020\/11\/47278_171253_1-760x480.jpg 760w, https:\/\/notinor.com\/jujuy\/wp-content\/uploads\/2020\/11\/47278_171253_1-578x365.jpg 578w, https:\/\/notinor.com\/jujuy\/wp-content\/uploads\/2020\/11\/47278_171253_1-750x474.jpg 750w, https:\/\/notinor.com\/jujuy\/wp-content\/uploads\/2020\/11\/47278_171253_1.jpg 768w\" sizes=\"(max-width: 760px) 100vw, 760px\" \/><\/figure>\n\n\n\n<p>El Ministerio de Desarrollo Humano, a trav\u00e9s del consejo provincial de ni\u00f1ez, adolescencia y familia, invita a Psic\u00f3logos\/as, trabajadores sociales y abogados a participar de\u00a0 la capacitaci\u00f3n denominada \u201cPrevenci\u00f3n y detecci\u00f3n de Abuso sexual en ni\u00f1os, ni\u00f1as y adolescentes\u201d. <\/p>\n\n\n\n<p>El mismo, se realizar\u00e1 el jueves 19 de noviembre a horas 16:00. Se transmitir\u00e1 a trav\u00e9s la plataforma virtual Google Meets, en el marco del d\u00eda Mundial de Prevenci\u00f3n del Abuso Sexual Contra Ni\u00f1as, Ni\u00f1os y Adolescentes.<\/p>\n\n\n\n<p>Priorizan la prevenci\u00f3n e intervenci\u00f3n temprana mediante trabajo articulado y coordinado entre las instituciones\/actores sociales involucrados en el abordaje interdisciplinario. De esta manera, se busca aportar herramientas para el desarrollo de una intervenci\u00f3n adecuada con el fin de evitar la revictimizaci\u00f3n del\/la ni\u00f1o\/a o adolescente.<\/p>\n\n\n\n<p>Vale mencionar que la capacitaci\u00f3n estar\u00e1 a cargo de profesionales especialistas en la tem\u00e1tica pertenecientes a la Secretar\u00eda de Ni\u00f1ez, Adolescencia y Familia del Ministerio de Desarrollo Humano y del equipo del Fuero Penal del Poder Judicial de la Provincia.<\/p>\n\n\n\n<p>Para inscripciones ingresar al siguiente link y completar el formulario, una vez inscriptos se les enviar\u00e1 al mail y el enlace de Google Meet para poder acceder a la capacitaci\u00f3n.<\/p>\n\n\n\n<figure class=\"wp-block-embed\"><div class=\"wp-block-embed__wrapper\">\nhttps:\/\/docs.google.com\/forms\/d\/e\/1FAIpQLSdijM03yOESvXL-1i7J3hL9FSIrCCw4TyMs8J9ptDssLUK3cg\/viewform?usp=pp_url\n<\/div><\/figure>\n\n\n\n<p>Para mayor informaci\u00f3n y consultas enviar mail a la siguiente direcci\u00f3n de correo electr\u00f3nico consejodeinfanciayadolescencia@mail.com<\/p>\n","protected":false},"excerpt":{"rendered":"<p>La capacitaci\u00f3n tiene como objetivo visibilizar la problem\u00e1tica y actuaci\u00f3n frente al Abuso Sexual en ni\u00f1os, ni\u00f1as y adolescentes a trav\u00e9s de un espacio de capacitaci\u00f3n en pos de efectivizar sus derechos. El Ministerio de Desarrollo Humano, a trav\u00e9s del consejo provincial de ni\u00f1ez, adolescencia y familia, invita a Psic\u00f3logos\/as, trabajadores sociales y abogados a [&hellip;]<\/p>\n","protected":false},"author":37,"featured_media":276666,"comment_status":"open","ping_status":"open","sticky":false,"template":"","format":"standard","meta":{"_stopmodifiedupdate":false,"_modified_date":"","inline_featured_image":false,"spay_email":"","jetpack_publicize_message":""},"categories":[13],"tags":[],"jetpack_featured_media_url":"https:\/\/notinor.com\/jujuy\/wp-content\/uploads\/2020\/11\/47278_171253_1.jpg","jetpack_publicize_connections":[],"_links":{"self":[{"href":"https:\/\/notinor.com\/jujuy\/wp-json\/wp\/v2\/posts\/276665"}],"collection":[{"href":"https:\/\/notinor.com\/jujuy\/wp-json\/wp\/v2\/posts"}],"about":[{"href":"https:\/\/notinor.com\/jujuy\/wp-json\/wp\/v2\/types\/post"}],"author":[{"embeddable":true,"href":"https:\/\/notinor.com\/jujuy\/wp-json\/wp\/v2\/users\/37"}],"replies":[{"embeddable":true,"href":"https:\/\/notinor.com\/jujuy\/wp-json\/wp\/v2\/comments?post=276665"}],"version-history":[{"count":1,"href":"https:\/\/notinor.com\/jujuy\/wp-json\/wp\/v2\/posts\/276665\/revisions"}],"predecessor-version":[{"id":276667,"href":"https:\/\/notinor.com\/jujuy\/wp-json\/wp\/v2\/posts\/276665\/revisions\/276667"}],"wp:featuredmedia":[{"embeddable":true,"href":"https:\/\/notinor.com\/jujuy\/wp-json\/wp\/v2\/media\/276666"}],"wp:attachment":[{"href":"https:\/\/notinor.com\/jujuy\/wp-json\/wp\/v2\/media?parent=276665"}],"wp:term":[{"taxonomy":"category","embeddable":true,"href":"https:\/\/notinor.com\/jujuy\/wp-json\/wp\/v2\/categories?post=276665"},{"taxonomy":"post_tag","embeddable":true,"href":"https:\/\/notinor.com\/jujuy\/wp-json\/wp\/v2\/tags?post=276665"}],"curies":[{"name":"wp","href":"https:\/\/api.w.org\/{rel}","templated":true}]}}