{"id":276661,"date":"2020-11-19T08:32:42","date_gmt":"2020-11-19T11:32:42","guid":{"rendered":"https:\/\/notinor.com\/jujuy\/?p=276661"},"modified":"2020-11-19T08:32:47","modified_gmt":"2020-11-19T11:32:47","slug":"se-lanzo-potenciar-trabajo-el-programa-que-busca-la-reinsercion-laboral-en-la-crisis-pandemica","status":"publish","type":"post","link":"https:\/\/notinor.com\/jujuy\/se-lanzo-potenciar-trabajo-el-programa-que-busca-la-reinsercion-laboral-en-la-crisis-pandemica\/","title":{"rendered":"Se lanz\u00f3 \"Potenciar Trabajo\" , el programa que busca la reinserci\u00f3n laboral en la crisis pand\u00e9mica"},"content":{"rendered":"\n<p>El gobernador Gerardo Morales, encabez\u00f3 el lanzamiento del programa \u201cPotenciar Trabajo\u201d del Ministerio de Desarrollo de la Naci\u00f3n, en conjunto con la cartera de Desarrollo Humano de la Provincia.<\/p>\n\n\n\n<figure class=\"wp-block-image size-large\"><img decoding=\"async\" loading=\"lazy\" width=\"840\" height=\"449\" src=\"https:\/\/notinor.com\/jujuy\/wp-content\/uploads\/2020\/11\/GM-entrega-elementos-microemprendedores-162-1024x547-1-840x449.jpg\" alt=\"\" class=\"wp-image-276662\" srcset=\"https:\/\/notinor.com\/jujuy\/wp-content\/uploads\/2020\/11\/GM-entrega-elementos-microemprendedores-162-1024x547-1-840x449.jpg 840w, https:\/\/notinor.com\/jujuy\/wp-content\/uploads\/2020\/11\/GM-entrega-elementos-microemprendedores-162-1024x547-1-660x353.jpg 660w, https:\/\/notinor.com\/jujuy\/wp-content\/uploads\/2020\/11\/GM-entrega-elementos-microemprendedores-162-1024x547-1-768x410.jpg 768w, https:\/\/notinor.com\/jujuy\/wp-content\/uploads\/2020\/11\/GM-entrega-elementos-microemprendedores-162-1024x547-1-750x401.jpg 750w, https:\/\/notinor.com\/jujuy\/wp-content\/uploads\/2020\/11\/GM-entrega-elementos-microemprendedores-162-1024x547-1.jpg 1024w\" sizes=\"(max-width: 840px) 100vw, 840px\" \/><\/figure>\n\n\n\n<p><br>El objetivo es fortalecer el futuro laboral y potenciar la materia de producci\u00f3n, destacando que m\u00e1s de 10.000 beneficiarios en los 60 municipios de Jujuy ser\u00e1n parte del programa, siendo una forma de desarrollar la econom\u00eda a trav\u00e9s de la formaci\u00f3n. Se apunta a formar y promover la inserci\u00f3n laboral en situaci\u00f3n social de vulnerabilidad econ\u00f3mica y social que tiene el pa\u00eds en estos tiempos de pandemia. <\/p>\n\n\n\n<p>Este programa brinda financiamiento el cual se ejecuta mediante tres l\u00edneas de proyecto principales: socio productivo, socio laboral y socio comunitarios, en funci\u00f3n, para la compra de maquinarias, herramientas, insumos e indumentarias. La Provincia y los municipios se comprometen a desplegar para la concreci\u00f3n de los objetivos del programa.<\/p>\n\n\n\n<p>En ese contexto, Morales expres\u00f3 que \u201ceste programa viene a potenciar al trabajo y cubre un vac\u00edo del mismo\u201d y agreg\u00f3 que \u201cva a funcionar como un articulador, porque otorga herramientas, adem\u00e1s, tiene un proceso formativo y as\u00ed reactivamos la cultura del trabajo\u201d.<\/p>\n\n\n\n<p><br>\u201cEstoy seguro y convencido que este programa nos llevar\u00e1 por un buen sendero y nos genera responsabilidad institucional en todos los niveles de gobierno\u201d, enfatiz\u00f3.<\/p>\n\n\n\n<figure class=\"wp-block-image size-large\"><img decoding=\"async\" loading=\"lazy\" width=\"719\" height=\"480\" src=\"https:\/\/notinor.com\/jujuy\/wp-content\/uploads\/2020\/11\/GM-entrega-elementos-microemprendedores-327-768x513-1-719x480.jpg\" alt=\"\" class=\"wp-image-276663\" srcset=\"https:\/\/notinor.com\/jujuy\/wp-content\/uploads\/2020\/11\/GM-entrega-elementos-microemprendedores-327-768x513-1-719x480.jpg 719w, https:\/\/notinor.com\/jujuy\/wp-content\/uploads\/2020\/11\/GM-entrega-elementos-microemprendedores-327-768x513-1-546x365.jpg 546w, https:\/\/notinor.com\/jujuy\/wp-content\/uploads\/2020\/11\/GM-entrega-elementos-microemprendedores-327-768x513-1-750x501.jpg 750w, https:\/\/notinor.com\/jujuy\/wp-content\/uploads\/2020\/11\/GM-entrega-elementos-microemprendedores-327-768x513-1.jpg 768w\" sizes=\"(max-width: 719px) 100vw, 719px\" \/><\/figure>\n\n\n\n<p><br>A su turno, la ministra de Desarrollo Humano, Natalia Sarapura, se\u00f1al\u00f3 que \u201clo primero que hicimos es conformar el CoFeDeSo y plantear tres grandes desaf\u00edos: el primero fue construir una pol\u00edtica social p\u00fablica de car\u00e1cter federal, luego, garantizar la soberan\u00eda alimentaria con una pol\u00edtica p\u00fablica, as\u00ed como la tarjeta AlimentAr que beneficia a m\u00e1s 34.000 beneficiarios y, por \u00faltimo, tiene que ver con la generaci\u00f3n del empleo, es decir, volver en el pa\u00eds la cultura del trabajo\u201d.<\/p>\n\n\n\n<p><br>Ponder\u00f3 que \u201ceste programa viene a potenciar y brindar las herramientas para el trabajo\u201d.<br>Sarapura finaliz\u00f3 su intervenci\u00f3n, poniendo de relieve que \u201cla pol\u00edtica federal nos une a todos y todas, es decir, una naci\u00f3n, una provincia y los municipios\u201d.<\/p>\n\n\n\n<p><br>Las autoridades que participaron del acto adem\u00e1s de las mencionadas fueron: El ministro de Desarrollo de la Naci\u00f3n, Daniel Arroyo (v\u00eda zoom desde Bs. As.); la ministra de Ambiente, Mar\u00eda Zigar\u00e1n; el titular del bloque de legisladores provinciales de la UCR, Alberto Bernis; intendentes y comisionados de la provincia, diputados, concejales y beneficiarios, entre otros.<\/p>\n","protected":false},"excerpt":{"rendered":"<p>El gobernador Gerardo Morales, encabez\u00f3 el lanzamiento del programa \u201cPotenciar Trabajo\u201d del Ministerio de Desarrollo de la Naci\u00f3n, en conjunto con la cartera de Desarrollo Humano de la Provincia. El objetivo es fortalecer el futuro laboral y potenciar la materia de producci\u00f3n, destacando que m\u00e1s de 10.000 beneficiarios en los 60 municipios de Jujuy ser\u00e1n [&hellip;]<\/p>\n","protected":false},"author":37,"featured_media":276663,"comment_status":"open","ping_status":"open","sticky":false,"template":"","format":"standard","meta":{"_stopmodifiedupdate":false,"_modified_date":"","inline_featured_image":false,"spay_email":"","jetpack_publicize_message":""},"categories":[2],"tags":[],"jetpack_featured_media_url":"https:\/\/notinor.com\/jujuy\/wp-content\/uploads\/2020\/11\/GM-entrega-elementos-microemprendedores-327-768x513-1.jpg","jetpack_publicize_connections":[],"_links":{"self":[{"href":"https:\/\/notinor.com\/jujuy\/wp-json\/wp\/v2\/posts\/276661"}],"collection":[{"href":"https:\/\/notinor.com\/jujuy\/wp-json\/wp\/v2\/posts"}],"about":[{"href":"https:\/\/notinor.com\/jujuy\/wp-json\/wp\/v2\/types\/post"}],"author":[{"embeddable":true,"href":"https:\/\/notinor.com\/jujuy\/wp-json\/wp\/v2\/users\/37"}],"replies":[{"embeddable":true,"href":"https:\/\/notinor.com\/jujuy\/wp-json\/wp\/v2\/comments?post=276661"}],"version-history":[{"count":1,"href":"https:\/\/notinor.com\/jujuy\/wp-json\/wp\/v2\/posts\/276661\/revisions"}],"predecessor-version":[{"id":276664,"href":"https:\/\/notinor.com\/jujuy\/wp-json\/wp\/v2\/posts\/276661\/revisions\/276664"}],"wp:featuredmedia":[{"embeddable":true,"href":"https:\/\/notinor.com\/jujuy\/wp-json\/wp\/v2\/media\/276663"}],"wp:attachment":[{"href":"https:\/\/notinor.com\/jujuy\/wp-json\/wp\/v2\/media?parent=276661"}],"wp:term":[{"taxonomy":"category","embeddable":true,"href":"https:\/\/notinor.com\/jujuy\/wp-json\/wp\/v2\/categories?post=276661"},{"taxonomy":"post_tag","embeddable":true,"href":"https:\/\/notinor.com\/jujuy\/wp-json\/wp\/v2\/tags?post=276661"}],"curies":[{"name":"wp","href":"https:\/\/api.w.org\/{rel}","templated":true}]}}