{"id":276656,"date":"2020-11-18T20:47:29","date_gmt":"2020-11-18T23:47:29","guid":{"rendered":"https:\/\/notinor.com\/jujuy\/?p=276656"},"modified":"2020-11-18T20:47:37","modified_gmt":"2020-11-18T23:47:37","slug":"reportan-26-casos-de-covid-19-y-ninguna-victima-fatal-este-miercoles-en-jujuy","status":"publish","type":"post","link":"https:\/\/notinor.com\/jujuy\/reportan-26-casos-de-covid-19-y-ninguna-victima-fatal-este-miercoles-en-jujuy\/","title":{"rendered":"Reportan 26 casos de COVID-19 y ninguna v\u00edctima fatal este mi\u00e9rcoles en Jujuy"},"content":{"rendered":"\n<p>El Comit\u00e9 Operativo de Emergencia detall\u00f3 la actual situaci\u00f3n sanitaria y epidemiol\u00f3gica de la provincia. <\/p>\n\n\n\n<figure class=\"wp-block-image size-large\"><img decoding=\"async\" loading=\"lazy\" width=\"800\" height=\"450\" src=\"https:\/\/notinor.com\/jujuy\/wp-content\/uploads\/2020\/11\/0001654694-800x450_center_center.jpg\" alt=\"\" class=\"wp-image-275670\" srcset=\"https:\/\/notinor.com\/jujuy\/wp-content\/uploads\/2020\/11\/0001654694-800x450_center_center.jpg 800w, https:\/\/notinor.com\/jujuy\/wp-content\/uploads\/2020\/11\/0001654694-800x450_center_center-649x365.jpg 649w, https:\/\/notinor.com\/jujuy\/wp-content\/uploads\/2020\/11\/0001654694-800x450_center_center-500x280.jpg 500w, https:\/\/notinor.com\/jujuy\/wp-content\/uploads\/2020\/11\/0001654694-800x450_center_center-768x432.jpg 768w, https:\/\/notinor.com\/jujuy\/wp-content\/uploads\/2020\/11\/0001654694-800x450_center_center-750x422.jpg 750w\" sizes=\"(max-width: 800px) 100vw, 800px\" \/><\/figure>\n\n\n\n<p>La Subdirecci\u00f3n de Epidemiolog\u00eda inform\u00f3 que hoy mi\u00e9rcoles se confirmaron 26 nuevos casos de COVID-19 en la provincia, recibieron el alta m\u00e9dica 18 pacientes y no s\u00e9 notificaron fallecimientos.<br><\/p>\n\n\n\n<h2>Estado de situaci\u00f3n desde el inicio de la pandemia:<\/h2>\n\n\n\n<ul><li>Hasta el momento se realizaron 50.980 tests PCR en toda la provincia, arrojando un total de 18.194 casos positivos. <\/li><li>Se recuperaron de la enfermedad 17.165. <\/li><li>Fallecieron 833 personas.<\/li><\/ul>\n\n\n\n<h2>Detalle de casos positivos seg\u00fan localidad:<\/h2>\n\n\n\n<p>\u2022 San Salvador de Jujuy 12<br>\u2022 El Carmen 4<br>\u2022 San Pedro 3<br>\u2022 La Quiaca 2<br>\u2022 Susques 2<br>\u2022 Aguas Calientes 1<br>\u2022 Palpal\u00e1 1<br>\u2022 Perico 1<\/p>\n","protected":false},"excerpt":{"rendered":"<p>El Comit\u00e9 Operativo de Emergencia detall\u00f3 la actual situaci\u00f3n sanitaria y epidemiol\u00f3gica de la provincia. La Subdirecci\u00f3n de Epidemiolog\u00eda inform\u00f3 que hoy mi\u00e9rcoles se confirmaron 26 nuevos casos de COVID-19 en la provincia, recibieron el alta m\u00e9dica 18 pacientes y no s\u00e9 notificaron fallecimientos. Estado de situaci\u00f3n desde el inicio de la pandemia: Hasta el [&hellip;]<\/p>\n","protected":false},"author":37,"featured_media":275670,"comment_status":"open","ping_status":"open","sticky":false,"template":"","format":"standard","meta":{"_stopmodifiedupdate":false,"_modified_date":"","inline_featured_image":false,"spay_email":"","jetpack_publicize_message":""},"categories":[2],"tags":[],"jetpack_featured_media_url":"https:\/\/notinor.com\/jujuy\/wp-content\/uploads\/2020\/11\/0001654694-800x450_center_center.jpg","jetpack_publicize_connections":[],"_links":{"self":[{"href":"https:\/\/notinor.com\/jujuy\/wp-json\/wp\/v2\/posts\/276656"}],"collection":[{"href":"https:\/\/notinor.com\/jujuy\/wp-json\/wp\/v2\/posts"}],"about":[{"href":"https:\/\/notinor.com\/jujuy\/wp-json\/wp\/v2\/types\/post"}],"author":[{"embeddable":true,"href":"https:\/\/notinor.com\/jujuy\/wp-json\/wp\/v2\/users\/37"}],"replies":[{"embeddable":true,"href":"https:\/\/notinor.com\/jujuy\/wp-json\/wp\/v2\/comments?post=276656"}],"version-history":[{"count":1,"href":"https:\/\/notinor.com\/jujuy\/wp-json\/wp\/v2\/posts\/276656\/revisions"}],"predecessor-version":[{"id":276657,"href":"https:\/\/notinor.com\/jujuy\/wp-json\/wp\/v2\/posts\/276656\/revisions\/276657"}],"wp:featuredmedia":[{"embeddable":true,"href":"https:\/\/notinor.com\/jujuy\/wp-json\/wp\/v2\/media\/275670"}],"wp:attachment":[{"href":"https:\/\/notinor.com\/jujuy\/wp-json\/wp\/v2\/media?parent=276656"}],"wp:term":[{"taxonomy":"category","embeddable":true,"href":"https:\/\/notinor.com\/jujuy\/wp-json\/wp\/v2\/categories?post=276656"},{"taxonomy":"post_tag","embeddable":true,"href":"https:\/\/notinor.com\/jujuy\/wp-json\/wp\/v2\/tags?post=276656"}],"curies":[{"name":"wp","href":"https:\/\/api.w.org\/{rel}","templated":true}]}}