{"id":276628,"date":"2020-11-18T16:21:10","date_gmt":"2020-11-18T19:21:10","guid":{"rendered":"https:\/\/notinor.com\/jujuy\/?p=276628"},"modified":"2020-11-18T16:21:15","modified_gmt":"2020-11-18T19:21:15","slug":"en-diciembre-los-jubilados-recibiran-un-aumento","status":"publish","type":"post","link":"https:\/\/notinor.com\/jujuy\/en-diciembre-los-jubilados-recibiran-un-aumento\/","title":{"rendered":"En diciembre los jubilados recibir\u00e1n un aumento"},"content":{"rendered":"\n<p>El Presidente asegur\u00f3 que antes de fin de a\u00f1o habr\u00e1 \u201cuna correcci\u00f3n de las jubilaciones\u201d.<\/p>\n\n\n\n<figure class=\"wp-block-image size-large\"><img decoding=\"async\" loading=\"lazy\" width=\"840\" height=\"475\" src=\"https:\/\/notinor.com\/jujuy\/wp-content\/uploads\/2020\/11\/1596818385958-840x475.jpg\" alt=\"\" class=\"wp-image-276629\" srcset=\"https:\/\/notinor.com\/jujuy\/wp-content\/uploads\/2020\/11\/1596818385958-840x475.jpg 840w, https:\/\/notinor.com\/jujuy\/wp-content\/uploads\/2020\/11\/1596818385958-645x365.jpg 645w, https:\/\/notinor.com\/jujuy\/wp-content\/uploads\/2020\/11\/1596818385958-768x435.jpg 768w, https:\/\/notinor.com\/jujuy\/wp-content\/uploads\/2020\/11\/1596818385958-750x425.jpg 750w, https:\/\/notinor.com\/jujuy\/wp-content\/uploads\/2020\/11\/1596818385958-1140x645.jpg 1140w, https:\/\/notinor.com\/jujuy\/wp-content\/uploads\/2020\/11\/1596818385958.jpg 1500w\" sizes=\"(max-width: 840px) 100vw, 840px\" \/><\/figure>\n\n\n\n<p>Alberto Fern\u00e1ndez anunci\u00f3 hoy un aumento para los jubilados que se har\u00e1 efectivo antes de que finalice 2020: \u201cEn diciembre va a haber una correcci\u00f3n de las jubilaciones porque somos conscientes de que tenemos que hacerlo\u00bb.<\/p>\n\n\n\n<p>\u201cNo queremos que las jubilaciones queden debajo de la inflaci\u00f3n\u201d, remarc\u00f3 en una extensa charla con el canal de noticias&nbsp;A24., en la que se\u00f1al\u00f3 que en principio la idea es que sea \u201cun aumento para todos\u201d.<\/p>\n\n\n\n<p>El jefe de Estado no quiso especificar un porcentaje de incremento y evit\u00f3 la palabra bono: \u201cEstamos trabajando en eso, pero la idea es que sea un aumento, va a haber un aumento seguro\u201d.<\/p>\n\n\n\n<p>\u201cTenemos que hacer algo sustentable. Con la f\u00f3rmula que estamos proponiendo hoy, los jubilados ganaron un 20%. La que estamos dejando de lado, que es la del macrismo, los hizo perder un 19%\u201d, compar\u00f3.<\/p>\n","protected":false},"excerpt":{"rendered":"<p>El Presidente asegur\u00f3 que antes de fin de a\u00f1o habr\u00e1 \u201cuna correcci\u00f3n de las jubilaciones\u201d. Alberto Fern\u00e1ndez anunci\u00f3 hoy un aumento para los jubilados que se har\u00e1 efectivo antes de que finalice 2020: \u201cEn diciembre va a haber una correcci\u00f3n de las jubilaciones porque somos conscientes de que tenemos que hacerlo\u00bb. \u201cNo queremos que las [&hellip;]<\/p>\n","protected":false},"author":37,"featured_media":276629,"comment_status":"open","ping_status":"open","sticky":false,"template":"","format":"standard","meta":{"_stopmodifiedupdate":false,"_modified_date":"","inline_featured_image":false,"spay_email":"","jetpack_publicize_message":""},"categories":[676],"tags":[],"jetpack_featured_media_url":"https:\/\/notinor.com\/jujuy\/wp-content\/uploads\/2020\/11\/1596818385958.jpg","jetpack_publicize_connections":[],"_links":{"self":[{"href":"https:\/\/notinor.com\/jujuy\/wp-json\/wp\/v2\/posts\/276628"}],"collection":[{"href":"https:\/\/notinor.com\/jujuy\/wp-json\/wp\/v2\/posts"}],"about":[{"href":"https:\/\/notinor.com\/jujuy\/wp-json\/wp\/v2\/types\/post"}],"author":[{"embeddable":true,"href":"https:\/\/notinor.com\/jujuy\/wp-json\/wp\/v2\/users\/37"}],"replies":[{"embeddable":true,"href":"https:\/\/notinor.com\/jujuy\/wp-json\/wp\/v2\/comments?post=276628"}],"version-history":[{"count":1,"href":"https:\/\/notinor.com\/jujuy\/wp-json\/wp\/v2\/posts\/276628\/revisions"}],"predecessor-version":[{"id":276630,"href":"https:\/\/notinor.com\/jujuy\/wp-json\/wp\/v2\/posts\/276628\/revisions\/276630"}],"wp:featuredmedia":[{"embeddable":true,"href":"https:\/\/notinor.com\/jujuy\/wp-json\/wp\/v2\/media\/276629"}],"wp:attachment":[{"href":"https:\/\/notinor.com\/jujuy\/wp-json\/wp\/v2\/media?parent=276628"}],"wp:term":[{"taxonomy":"category","embeddable":true,"href":"https:\/\/notinor.com\/jujuy\/wp-json\/wp\/v2\/categories?post=276628"},{"taxonomy":"post_tag","embeddable":true,"href":"https:\/\/notinor.com\/jujuy\/wp-json\/wp\/v2\/tags?post=276628"}],"curies":[{"name":"wp","href":"https:\/\/api.w.org\/{rel}","templated":true}]}}