{"id":276625,"date":"2020-11-18T16:12:28","date_gmt":"2020-11-18T19:12:28","guid":{"rendered":"https:\/\/notinor.com\/jujuy\/?p=276625"},"modified":"2020-11-18T16:12:33","modified_gmt":"2020-11-18T19:12:33","slug":"vendedores-ambulantes-proponen-poner-a-la-venta-solo-pirotecnia-luminica","status":"publish","type":"post","link":"https:\/\/notinor.com\/jujuy\/vendedores-ambulantes-proponen-poner-a-la-venta-solo-pirotecnia-luminica\/","title":{"rendered":"Vendedores ambulantes proponen poner a la venta solo pirotecnia lum\u00ednica"},"content":{"rendered":"\n<p>La ordenanza de \"Pirotecnia Cero\" entrar\u00e1 en vigencia antes del fin de semana en la capital juje\u00f1a y desde el sector comercial se reunir\u00e1n con el intendente Ra\u00fal Jorge. <\/p>\n\n\n\n<figure class=\"wp-block-image size-large\"><img decoding=\"async\" loading=\"lazy\" width=\"735\" height=\"480\" src=\"https:\/\/notinor.com\/jujuy\/wp-content\/uploads\/2020\/11\/0000182299-735x480.jpg\" alt=\"\" class=\"wp-image-276626\" srcset=\"https:\/\/notinor.com\/jujuy\/wp-content\/uploads\/2020\/11\/0000182299-735x480.jpg 735w, https:\/\/notinor.com\/jujuy\/wp-content\/uploads\/2020\/11\/0000182299-559x365.jpg 559w, https:\/\/notinor.com\/jujuy\/wp-content\/uploads\/2020\/11\/0000182299-768x501.jpg 768w, https:\/\/notinor.com\/jujuy\/wp-content\/uploads\/2020\/11\/0000182299-750x490.jpg 750w, https:\/\/notinor.com\/jujuy\/wp-content\/uploads\/2020\/11\/0000182299.jpg 1034w\" sizes=\"(max-width: 735px) 100vw, 735px\" \/><\/figure>\n\n\n\n<p>El Concejo Deliberante aprob\u00f3 la semana pasada la ordenanza que proh\u00edbe la comercializaci\u00f3n y el uso de pirotecnia sonora en San Salvador de Jujuy, la misma se promulgar\u00e1 y reglamentar\u00e1 antes de este fin de semana.<\/p>\n\n\n\n<p>En este sentido, vendedores ambulantes solicitar\u00e1n al municipio, la autorizaci\u00f3n para el expendio de pirotecnia lum\u00ednica.<\/p>\n\n\n\n<p>El pedido formal se realizar\u00e1 ante Ra\u00fal \"Chuli\" Jorge este jueves, el sector comercial se encuentra a la espera de saber que cohetes se autorizar\u00e1n para la venta.<\/p>\n\n\n\n<p>La mayor\u00eda de la pirotecnia es sonora. pero se podr\u00edan comercializar globos \u00a0aerost\u00e1ticos, bengalitas de humo de colores o estrellitas.<\/p>\n","protected":false},"excerpt":{"rendered":"<p>La ordenanza de \"Pirotecnia Cero\" entrar\u00e1 en vigencia antes del fin de semana en la capital juje\u00f1a y desde el sector comercial se reunir\u00e1n con el intendente Ra\u00fal Jorge. El Concejo Deliberante aprob\u00f3 la semana pasada la ordenanza que proh\u00edbe la comercializaci\u00f3n y el uso de pirotecnia sonora en San Salvador de Jujuy, la misma [&hellip;]<\/p>\n","protected":false},"author":37,"featured_media":276626,"comment_status":"open","ping_status":"open","sticky":false,"template":"","format":"standard","meta":{"_stopmodifiedupdate":false,"_modified_date":"","inline_featured_image":false,"spay_email":"","jetpack_publicize_message":""},"categories":[2],"tags":[],"jetpack_featured_media_url":"https:\/\/notinor.com\/jujuy\/wp-content\/uploads\/2020\/11\/0000182299.jpg","jetpack_publicize_connections":[],"_links":{"self":[{"href":"https:\/\/notinor.com\/jujuy\/wp-json\/wp\/v2\/posts\/276625"}],"collection":[{"href":"https:\/\/notinor.com\/jujuy\/wp-json\/wp\/v2\/posts"}],"about":[{"href":"https:\/\/notinor.com\/jujuy\/wp-json\/wp\/v2\/types\/post"}],"author":[{"embeddable":true,"href":"https:\/\/notinor.com\/jujuy\/wp-json\/wp\/v2\/users\/37"}],"replies":[{"embeddable":true,"href":"https:\/\/notinor.com\/jujuy\/wp-json\/wp\/v2\/comments?post=276625"}],"version-history":[{"count":1,"href":"https:\/\/notinor.com\/jujuy\/wp-json\/wp\/v2\/posts\/276625\/revisions"}],"predecessor-version":[{"id":276627,"href":"https:\/\/notinor.com\/jujuy\/wp-json\/wp\/v2\/posts\/276625\/revisions\/276627"}],"wp:featuredmedia":[{"embeddable":true,"href":"https:\/\/notinor.com\/jujuy\/wp-json\/wp\/v2\/media\/276626"}],"wp:attachment":[{"href":"https:\/\/notinor.com\/jujuy\/wp-json\/wp\/v2\/media?parent=276625"}],"wp:term":[{"taxonomy":"category","embeddable":true,"href":"https:\/\/notinor.com\/jujuy\/wp-json\/wp\/v2\/categories?post=276625"},{"taxonomy":"post_tag","embeddable":true,"href":"https:\/\/notinor.com\/jujuy\/wp-json\/wp\/v2\/tags?post=276625"}],"curies":[{"name":"wp","href":"https:\/\/api.w.org\/{rel}","templated":true}]}}