{"id":276613,"date":"2020-11-18T18:45:50","date_gmt":"2020-11-18T21:45:50","guid":{"rendered":"https:\/\/notinor.com\/jujuy\/?p=276613"},"modified":"2020-11-18T18:45:54","modified_gmt":"2020-11-18T21:45:54","slug":"concejales-se-reunieron-con-propietarios-y-choferes-auxiliares-de-taxis-de-radio-llamada","status":"publish","type":"post","link":"https:\/\/notinor.com\/jujuy\/concejales-se-reunieron-con-propietarios-y-choferes-auxiliares-de-taxis-de-radio-llamada\/","title":{"rendered":"Concejales se reunieron con propietarios y choferes auxiliares de taxis de radio llamada"},"content":{"rendered":"\n<p>Ediles capitalinos se reunieron esta ma\u00f1ana con representantes de propietarios de taxis de radio llamada y tambi\u00e9n de los choferes auxiliares, con el objetivo de abordar diferentes problem\u00e1ticas del funcionamiento del sector.<\/p>\n\n\n\n<figure class=\"wp-block-image size-large\"><img decoding=\"async\" loading=\"lazy\" width=\"750\" height=\"442\" src=\"https:\/\/notinor.com\/jujuy\/wp-content\/uploads\/2020\/11\/Reuni\u00f3n.jpg\" alt=\"\" class=\"wp-image-276621\" srcset=\"https:\/\/notinor.com\/jujuy\/wp-content\/uploads\/2020\/11\/Reuni\u00f3n.jpg 750w, https:\/\/notinor.com\/jujuy\/wp-content\/uploads\/2020\/11\/Reuni\u00f3n-619x365.jpg 619w\" sizes=\"(max-width: 750px) 100vw, 750px\" \/><\/figure>\n\n\n\n<p>En este sentido, se habl\u00f3 del proyecto impulsado para retrotraer las tarifas de los taxis de radio llamada, como as\u00ed tambi\u00e9n de la posibilidad del ingreso del sistema UBER a nuestra ciudad.<\/p>\n\n\n\n<p>Por tal motivo, se llegaron hasta la instituci\u00f3n parlamentaria &nbsp;Miguel Quiroga, propietarios de taxis, y Pablo Gramajo, Choferes auxiliares, quienes fueron recibidos por la totalidad de los concejales, m\u00e1s el Secretario Parlamentario Jorge Beller y la Secretaria Administrativa, Virginia Llapur. &nbsp;&nbsp;<\/p>\n\n\n\n<p>Una vez finalizada la reuni\u00f3n, el presidente de la instituci\u00f3n,&nbsp;Lisandro Aguiar, afirm\u00f3 que \"hemos tratado dos temas muy importantes como ser UBER que est\u00e1 en la agenda p\u00fablica y en la agenda del Concejo Deliberante; en la \u00faltima sesi\u00f3n aprobamos una resoluci\u00f3n para que se inicien acciones legales en contra de este aplicativo para el cumplimiento de la normativa vigente que tenemos en nuestra ciudad. Por otro lado, el cuadro tarifario, el ejecutivo ha dispuesto el aumento tarifario en el mes de octubre y la idea es analizar los costos del sistema y ver si ese aumento guarda razonabilidad con los incrementos de costo que se ha sufrido en los \u00faltimos per\u00edodos\".<\/p>\n\n\n\n<p>En este sentido, agreg\u00f3:\"hemos quedado que el cuerpo de contadores que trabaja con nosotros va a llevar adelante un estudio propio del Concejo y tambi\u00e9n pedimos a los taxistas que nos acerquen un informe sobre los distintos costos que tiene el sistema para analizar y realizar futuras sanciones de ordenanzas para el cuadro tarifario 2021. La idea es poder avanzar y analizar en totalidad todo lo que es el sistema, porque tambi\u00e9n tenemos desaf\u00edos. Surgi\u00f3 de la reuni\u00f3n la necesidad de mejor el servicio de taxis de la ciudad implementando tecnolog\u00eda, como una forma tambi\u00e9n de prestar un servicio extra para poder competir con UBER en caso que se quede y ofrecer mejores alternativas a los vecinos; capacitarse en violencia de g\u00e9nero y en turismo\".<\/p>\n\n\n\n<p>Por su parte, el concejal Agust\u00edn Flores, destac\u00f3 que \"hay sectores que tenemos que escuchar todav\u00eda, la problem\u00e1tica general del transporte de taxis amarillos es algo que ata\u00f1e a usuarios, choferes, propietarios, y bueno, nosotros estamos recibiendo a todos los actores para ver de qu\u00e9 manera pensar las actualizaciones de las tarifas sin que ello impacte de una manera fuerte en el bolsillo del usuario. Debemos analizar con responsabilidad desde este cuerpo, para poder en un marco de normalidad, tener los servicios medianamente dentro de lo que sea equitativo para el usuario, el chofer y el propietario\".<\/p>\n\n\n\n<p>Asimismo, remarc\u00f3 que \"estamos necesitando documentaci\u00f3n y estudios de costos, asimismo informaci\u00f3n de c\u00f3mo se encuentra el sistema de los recorridos de las calles y los costos que puede generar y que termina absorbiendo el usuario. Necesitamos hacer un balance real de lo que es el costo, ingreso e incremento y todo lo que refiere a lo que sostiene el sistema de taxis amarillos. Creo que vamos a resolver con mucha responsabilidad y di\u00e1logo\".<\/p>\n\n\n\n<p>Mientras que Miguel Quiroga, propietario de taxis, resalt\u00f3 que \"creo que nos llevamos una sensaci\u00f3n satisfactoria, creemos que no van a tratar la ordenanza de bajar el 15%, la cual nos oponemos terminantemente. Tambi\u00e9n vamos a impedir de todas las maneras posibles que UBER se instale, hay consensos en el municipio de impedir el ingreso del mismo, por lo tanto, vamos a apoyar eso\".<\/p>\n\n\n\n<p>Pablo Gramajo, Chofer Auxiliar, se\u00f1al\u00f3 que \"muy contento y agradecido que se trat\u00f3 con seriedad. Hemos podido exponer las condiciones y la realidad con la que trabajamos los choferes. Agradecido de los titulares que est\u00e1n apoyando el pedido porque nos perjudica a todos bajar la tarifa despu\u00e9s de un a\u00f1o sin una suba y con la inflaci\u00f3n que tenemos en el pa\u00eds tambi\u00e9n\", al tiempo que agreg\u00f3 con respecto a UBER, \"tambi\u00e9n nos vamos a oponer y vamos a estar acompa\u00f1ando a los titulares en los momentos que nos necesiten\".<\/p>\n","protected":false},"excerpt":{"rendered":"<p>Ediles capitalinos se reunieron esta ma\u00f1ana con representantes de propietarios de taxis de radio llamada y tambi\u00e9n de los choferes auxiliares, con el objetivo de abordar diferentes problem\u00e1ticas del funcionamiento del sector. En este sentido, se habl\u00f3 del proyecto impulsado para retrotraer las tarifas de los taxis de radio llamada, como as\u00ed tambi\u00e9n de la [&hellip;]<\/p>\n","protected":false},"author":5,"featured_media":276654,"comment_status":"open","ping_status":"open","sticky":false,"template":"","format":"standard","meta":{"_stopmodifiedupdate":false,"_modified_date":"","inline_featured_image":false,"spay_email":"","jetpack_publicize_message":""},"categories":[514],"tags":[],"jetpack_featured_media_url":"https:\/\/notinor.com\/jujuy\/wp-content\/uploads\/2020\/11\/Reuni\u00f3n1-1.jpg","jetpack_publicize_connections":[],"_links":{"self":[{"href":"https:\/\/notinor.com\/jujuy\/wp-json\/wp\/v2\/posts\/276613"}],"collection":[{"href":"https:\/\/notinor.com\/jujuy\/wp-json\/wp\/v2\/posts"}],"about":[{"href":"https:\/\/notinor.com\/jujuy\/wp-json\/wp\/v2\/types\/post"}],"author":[{"embeddable":true,"href":"https:\/\/notinor.com\/jujuy\/wp-json\/wp\/v2\/users\/5"}],"replies":[{"embeddable":true,"href":"https:\/\/notinor.com\/jujuy\/wp-json\/wp\/v2\/comments?post=276613"}],"version-history":[{"count":1,"href":"https:\/\/notinor.com\/jujuy\/wp-json\/wp\/v2\/posts\/276613\/revisions"}],"predecessor-version":[{"id":276655,"href":"https:\/\/notinor.com\/jujuy\/wp-json\/wp\/v2\/posts\/276613\/revisions\/276655"}],"wp:featuredmedia":[{"embeddable":true,"href":"https:\/\/notinor.com\/jujuy\/wp-json\/wp\/v2\/media\/276654"}],"wp:attachment":[{"href":"https:\/\/notinor.com\/jujuy\/wp-json\/wp\/v2\/media?parent=276613"}],"wp:term":[{"taxonomy":"category","embeddable":true,"href":"https:\/\/notinor.com\/jujuy\/wp-json\/wp\/v2\/categories?post=276613"},{"taxonomy":"post_tag","embeddable":true,"href":"https:\/\/notinor.com\/jujuy\/wp-json\/wp\/v2\/tags?post=276613"}],"curies":[{"name":"wp","href":"https:\/\/api.w.org\/{rel}","templated":true}]}}