{"id":276573,"date":"2020-11-18T09:04:54","date_gmt":"2020-11-18T12:04:54","guid":{"rendered":"https:\/\/notinor.com\/jujuy\/?p=276573"},"modified":"2020-11-18T11:47:03","modified_gmt":"2020-11-18T14:47:03","slug":"nieva-oscar-gustavo","status":"publish","type":"post","link":"https:\/\/notinor.com\/jujuy\/nieva-oscar-gustavo\/","title":{"rendered":"NIEVA, Oscar Gustavo"},"content":{"rendered":"\n<p><strong>Falleci\u00f3 el d\u00eda 16 de noviembre de 2020, a hs. 21:30, a la edad de 93 a\u00f1os. Sus hijos: Norma Cecilia Te\u00f3fila, Oscar Gustavo y Dante Javier Nieva; sus nietos: Pricila Soledad, Luciano Francisco, Daina Jazm\u00edn, Solange Mare y Tamara Nieva; sus bisnietos. Tiago y Tiziano junto a sus dem\u00e1s familiares participan con profundo dolor su fallecimiento y comunican que sus restos fueron inhumados ayer 17 de noviembre en el cementerio El Salvador, Jujuy. FAE. Ritual de homenaje empresa La Piedad SA. Salta 727. Tel. 0388-4222487. L\u00ednea gratuita 0800-444-5274.<\/strong><\/p>\n","protected":false},"excerpt":{"rendered":"<p>Falleci\u00f3 el d\u00eda 16 de noviembre de 2020, a hs. 21:30, a la edad de 93 a\u00f1os. Sus hijos: Norma Cecilia Te\u00f3fila, Oscar Gustavo y Dante Javier Nieva; sus nietos: Pricila Soledad, Luciano Francisco, Daina Jazm\u00edn, Solange Mare y Tamara Nieva; sus bisnietos. Tiago y Tiziano junto a sus dem\u00e1s familiares participan con profundo dolor [&hellip;]<\/p>\n","protected":false},"author":5,"featured_media":130005,"comment_status":"open","ping_status":"open","sticky":false,"template":"","format":"standard","meta":{"_stopmodifiedupdate":false,"_modified_date":"","inline_featured_image":false,"spay_email":"","jetpack_publicize_message":""},"categories":[523],"tags":[],"jetpack_featured_media_url":"https:\/\/notinor.com\/jujuy\/wp-content\/uploads\/2017\/08\/Obituarios-1.jpg","jetpack_publicize_connections":[],"_links":{"self":[{"href":"https:\/\/notinor.com\/jujuy\/wp-json\/wp\/v2\/posts\/276573"}],"collection":[{"href":"https:\/\/notinor.com\/jujuy\/wp-json\/wp\/v2\/posts"}],"about":[{"href":"https:\/\/notinor.com\/jujuy\/wp-json\/wp\/v2\/types\/post"}],"author":[{"embeddable":true,"href":"https:\/\/notinor.com\/jujuy\/wp-json\/wp\/v2\/users\/5"}],"replies":[{"embeddable":true,"href":"https:\/\/notinor.com\/jujuy\/wp-json\/wp\/v2\/comments?post=276573"}],"version-history":[{"count":1,"href":"https:\/\/notinor.com\/jujuy\/wp-json\/wp\/v2\/posts\/276573\/revisions"}],"predecessor-version":[{"id":276574,"href":"https:\/\/notinor.com\/jujuy\/wp-json\/wp\/v2\/posts\/276573\/revisions\/276574"}],"wp:featuredmedia":[{"embeddable":true,"href":"https:\/\/notinor.com\/jujuy\/wp-json\/wp\/v2\/media\/130005"}],"wp:attachment":[{"href":"https:\/\/notinor.com\/jujuy\/wp-json\/wp\/v2\/media?parent=276573"}],"wp:term":[{"taxonomy":"category","embeddable":true,"href":"https:\/\/notinor.com\/jujuy\/wp-json\/wp\/v2\/categories?post=276573"},{"taxonomy":"post_tag","embeddable":true,"href":"https:\/\/notinor.com\/jujuy\/wp-json\/wp\/v2\/tags?post=276573"}],"curies":[{"name":"wp","href":"https:\/\/api.w.org\/{rel}","templated":true}]}}