{"id":276538,"date":"2020-11-18T09:36:07","date_gmt":"2020-11-18T12:36:07","guid":{"rendered":"https:\/\/notinor.com\/jujuy\/?p=276538"},"modified":"2020-11-18T10:27:36","modified_gmt":"2020-11-18T13:27:36","slug":"mina-aguilar-habra-contencion-productiva-y-social-para-los-mas-de-600-trabajadores-luego-del-cese-de-actividades","status":"publish","type":"post","link":"https:\/\/notinor.com\/jujuy\/mina-aguilar-habra-contencion-productiva-y-social-para-los-mas-de-600-trabajadores-luego-del-cese-de-actividades\/","title":{"rendered":"Mina Aguilar: habr\u00e1 contenci\u00f3n productiva y social para los m\u00e1s de 600 trabajadores luego del cese de actividades"},"content":{"rendered":"\n<p>El Gobernador de la Provincia, Gerardo Morales, encabez\u00f3 un encuentro con autoridades de Compa\u00f1\u00eda Minera El Aguilar y el jefe comunal del pueblo, en la que se delinearon acciones que permiten llevar tranquilidad a los habitantes de El Aguilar, tomando en cuenta el anuncio de cese de funciones operativas formulado por la empresa<\/p>\n\n\n\n<figure class=\"wp-block-image size-large\"><img decoding=\"async\" loading=\"lazy\" width=\"768\" height=\"432\" src=\"https:\/\/notinor.com\/jujuy\/wp-content\/uploads\/2020\/11\/IXXHHCP5BZFXNATCKQ5ZEYJJFE.jpg\" alt=\"\" class=\"wp-image-276273\" srcset=\"https:\/\/notinor.com\/jujuy\/wp-content\/uploads\/2020\/11\/IXXHHCP5BZFXNATCKQ5ZEYJJFE.jpg 768w, https:\/\/notinor.com\/jujuy\/wp-content\/uploads\/2020\/11\/IXXHHCP5BZFXNATCKQ5ZEYJJFE-649x365.jpg 649w, https:\/\/notinor.com\/jujuy\/wp-content\/uploads\/2020\/11\/IXXHHCP5BZFXNATCKQ5ZEYJJFE-500x280.jpg 500w, https:\/\/notinor.com\/jujuy\/wp-content\/uploads\/2020\/11\/IXXHHCP5BZFXNATCKQ5ZEYJJFE-750x422.jpg 750w\" sizes=\"(max-width: 768px) 100vw, 768px\" \/><\/figure>\n\n\n\n<p>La reuni\u00f3n result\u00f3 sumamente provechosa, ya que permiti\u00f3 a la empresa explicar sus planes y los motivos de la decisi\u00f3n tomada.<\/p>\n\n\n\n<p>El secretario de Miner\u00eda, Miguel Soler, indic\u00f3 que todas las minas tienen una vida \u00fatil y lament\u00f3 que la empresa haya comunicado esta medida de manera abrupta, apuntando que se vio influenciada tambi\u00e9n por la situaci\u00f3n sanitaria originada por la pandemia de coronavirus.<\/p>\n\n\n\n<p>Resalt\u00f3 que el Ministerio de Trabajo y Empleo seguir\u00e1 la implementaci\u00f3n del Programa de Retiro Voluntario que iniciar\u00e1 en los pr\u00f3ximos d\u00edas, seg\u00fan lo previsto por la compa\u00f1\u00eda.<\/p>\n\n\n\n<p>Enfatiz\u00f3 que el gobernador Morales instruy\u00f3 a los miembros del Gabinete para que se comience a trabajar en la b\u00fasqueda de una estrategia de contenci\u00f3n productiva y social para la comunidad.<\/p>\n\n\n\n<p>El objetivo es trabajar entre todos los sectores para salvaguardar los intereses del pueblo y, para ello, cada \u00e1rea de gobierno articular\u00e1 acciones con la empresa.<\/p>\n\n\n\n<p>En tanto, la Secretar\u00eda de Miner\u00eda aguarda el plan de cese de operaciones que debe presentar la empresa y que \u00e9ste sea ambientalmente sostenible.<\/p>\n\n\n\n<p>Por \u00faltimo, Soler destac\u00f3 que el Estado provincial lleva tranquilidad a los m\u00e1s de 630 trabajadores, asegurando que naci\u00f3n, provincia y municipio conjugar\u00e1n esfuerzos por el futuro del pueblo de El Aguilar.<\/p>\n\n\n\n<figure class=\"wp-block-image size-large\"><img decoding=\"async\" loading=\"lazy\" width=\"720\" height=\"480\" src=\"https:\/\/notinor.com\/jujuy\/wp-content\/uploads\/2020\/11\/DSC_3045-1024x683-1-720x480.jpg\" alt=\"\" class=\"wp-image-276539\" srcset=\"https:\/\/notinor.com\/jujuy\/wp-content\/uploads\/2020\/11\/DSC_3045-1024x683-1-720x480.jpg 720w, https:\/\/notinor.com\/jujuy\/wp-content\/uploads\/2020\/11\/DSC_3045-1024x683-1-547x365.jpg 547w, https:\/\/notinor.com\/jujuy\/wp-content\/uploads\/2020\/11\/DSC_3045-1024x683-1-768x512.jpg 768w, https:\/\/notinor.com\/jujuy\/wp-content\/uploads\/2020\/11\/DSC_3045-1024x683-1-750x500.jpg 750w, https:\/\/notinor.com\/jujuy\/wp-content\/uploads\/2020\/11\/DSC_3045-1024x683-1.jpg 1024w\" sizes=\"(max-width: 720px) 100vw, 720px\" \/><\/figure>\n\n\n\n<p>A su turno, el jefe comunal de la mencionada localidad, Sergio Alejo, subray\u00f3 que \u201crecibimos el apoyo del gobernador Morales\u201d y que \u201cse empezaron a definir acciones que son importantes para El Aguilar, en el marco de un trabajo en conjunto entre las partes\u201d.<\/p>\n\n\n\n<p>Consider\u00f3 positiva la decisi\u00f3n de conformar una mesa de trabajo que ir\u00e1 perfilando las acciones que permitan en el futuro una alternativa en materia productiva para la comunidad.<\/p>\n\n\n\n<p>Finalmente, resalt\u00f3 que las familias de El Aguilar recibir\u00e1n los t\u00edtulos de propiedad de las viviendas que est\u00e1n habitando en la actualidad y a\u00f1adi\u00f3 que \u201cesto se logr\u00f3 en un acuerdo con la empresa minera, gracias a la gesti\u00f3n del Gobierno de Jujuy\u201d.<\/p>\n\n\n\n<p>Por su parte, Guillermo Apraiz, ejecutivo de la empresa Mina Aguilar, ponder\u00f3 el resultado positivo del encuentro que se desarroll\u00f3 en Casa de Gobierno, ya que se abord\u00f3 la continuidad a futuro del pueblo y resalt\u00f3 que existe voluntad de parte de la firma de continuar este proceso de di\u00e1logo que lleve tranquilidad a los habitantes de El Aguilar.<\/p>\n\n\n\n<p>Por \u00faltimo, afirm\u00f3 que hay coincidencia con el Gobierno de la Provincia en trabajar en conjunto.<\/p>\n\n\n\n<p>Adem\u00e1s de los mencionados, en el encuentro tambi\u00e9n estuvieron presentes los ministros de Desarrollo Econ\u00f3mico y Producci\u00f3n, Exequiel Lello Ivacevich; de Gobierno y Justicia, Agust\u00edn Perassi; y de Trabajo y Empleo, Normando \u00c1lvarez Garc\u00eda; y el Secretario General de la Gobernaci\u00f3n, Freddy Morales; entre otros funcionarios provinciales.<\/p>\n\n\n\n<p>Por parte de la empresa asistieron, adem\u00e1s, Joaqu\u00edn de los Hoyos, gerente general; y Jos\u00e9 Hansen, asesor legal<\/p>\n","protected":false},"excerpt":{"rendered":"<p>El Gobernador de la Provincia, Gerardo Morales, encabez\u00f3 un encuentro con autoridades de Compa\u00f1\u00eda Minera El Aguilar y el jefe comunal del pueblo, en la que se delinearon acciones que permiten llevar tranquilidad a los habitantes de El Aguilar, tomando en cuenta el anuncio de cese de funciones operativas formulado por la empresa La reuni\u00f3n [&hellip;]<\/p>\n","protected":false},"author":37,"featured_media":276273,"comment_status":"open","ping_status":"open","sticky":false,"template":"","format":"standard","meta":{"_stopmodifiedupdate":false,"_modified_date":"","inline_featured_image":false,"spay_email":"","jetpack_publicize_message":""},"categories":[2],"tags":[],"jetpack_featured_media_url":"https:\/\/notinor.com\/jujuy\/wp-content\/uploads\/2020\/11\/IXXHHCP5BZFXNATCKQ5ZEYJJFE.jpg","jetpack_publicize_connections":[],"_links":{"self":[{"href":"https:\/\/notinor.com\/jujuy\/wp-json\/wp\/v2\/posts\/276538"}],"collection":[{"href":"https:\/\/notinor.com\/jujuy\/wp-json\/wp\/v2\/posts"}],"about":[{"href":"https:\/\/notinor.com\/jujuy\/wp-json\/wp\/v2\/types\/post"}],"author":[{"embeddable":true,"href":"https:\/\/notinor.com\/jujuy\/wp-json\/wp\/v2\/users\/37"}],"replies":[{"embeddable":true,"href":"https:\/\/notinor.com\/jujuy\/wp-json\/wp\/v2\/comments?post=276538"}],"version-history":[{"count":1,"href":"https:\/\/notinor.com\/jujuy\/wp-json\/wp\/v2\/posts\/276538\/revisions"}],"predecessor-version":[{"id":276540,"href":"https:\/\/notinor.com\/jujuy\/wp-json\/wp\/v2\/posts\/276538\/revisions\/276540"}],"wp:featuredmedia":[{"embeddable":true,"href":"https:\/\/notinor.com\/jujuy\/wp-json\/wp\/v2\/media\/276273"}],"wp:attachment":[{"href":"https:\/\/notinor.com\/jujuy\/wp-json\/wp\/v2\/media?parent=276538"}],"wp:term":[{"taxonomy":"category","embeddable":true,"href":"https:\/\/notinor.com\/jujuy\/wp-json\/wp\/v2\/categories?post=276538"},{"taxonomy":"post_tag","embeddable":true,"href":"https:\/\/notinor.com\/jujuy\/wp-json\/wp\/v2\/tags?post=276538"}],"curies":[{"name":"wp","href":"https:\/\/api.w.org\/{rel}","templated":true}]}}