{"id":272927,"date":"2020-10-26T12:39:40","date_gmt":"2020-10-26T15:39:40","guid":{"rendered":"https:\/\/notinor.com\/jujuy\/?p=272927"},"modified":"2022-04-29T18:11:31","modified_gmt":"2022-04-29T21:11:31","slug":"una-galeria-argentina-con-obra-de-artistas-emergentes-elogiada-en-la-feria-photo-london-digital","status":"publish","type":"post","link":"https:\/\/notinor.com\/jujuy\/una-galeria-argentina-con-obra-de-artistas-emergentes-elogiada-en-la-feria-photo-london-digital\/","title":{"rendered":"Una galer\u00eda argentina con obra de artistas emergentes elogiada en la feria Photo London Digital"},"content":{"rendered":"\n<div class=\"wp-block-image\"><figure class=\"aligncenter is-resized\"><img decoding=\"async\" loading=\"lazy\" src=\"https:\/\/bucket2.glanacion.com\/anexos\/fotos\/33\/3438233w380.jpg\" alt=\"De la serie &quot;Topograf\u00edas de la fragilidad&quot; de Ingrid Weyland, una de las artistas elogiadas por la prensa brit\u00e1nica\" width=\"618\" height=\"411\"\/><\/figure><\/div>\n\n\n\n<p>Hasta el domingo 18 se desarrolla&nbsp;<a href=\"https:\/\/photolondon.org\/photo-london-digital\/\">Photo London Digital,<\/a>&nbsp;una de las principales ferias internacionales de fotograf\u00eda, que este a\u00f1o se hace en forma online. La feria, que estaba prevista para mayo, debi\u00f3 ser cancelada por el&nbsp;<strong>Covid-19<\/strong>, y funciona desde la plataforma&nbsp;<a href=\"https:\/\/www.lanacion.com.ar\/cultura\/coronavirus-sitio-arte-online-artsy-donara-oms-nid2352245\">Artsy<\/a>, donde se difunden muestras de galer\u00edas y colecciones de museos, obras de artistas, ferias y subastas de arte.&nbsp;<strong>Photo London<\/strong>&nbsp;tiene secciones de fotos hist\u00f3ricas y de \u00e9poca, a la vez que destaca las nuevas perspectivas de la fotograf\u00eda en el mundo. Participa m\u00e1s de un centenar de expositores de veinti\u00fan pa\u00edses y, entre ellos,&nbsp;<strong>una galer\u00eda porte\u00f1a<\/strong>. En la secci\u00f3n Discovery, donde se dan a conocer trabajos de artistas emergentes de Canad\u00e1, Israel, Estados Unidos, Ghana, Egipto y Jap\u00f3n, se encuentra&nbsp;<a href=\"https:\/\/www.aszfineart.com\/\">ASZ Fine Art,<\/a>&nbsp;galer\u00eda especializada en fotograf\u00eda contempor\u00e1nea dirigida por la fot\u00f3grafa y curadora Ana S\u00e1nchez Zinny.<\/p>\n\n\n\n<p>Al cuidado de Michael Benson y Fariba Farshad, la versi\u00f3n digital del evento se organiz\u00f3 sobre la base de las primeras cinco ediciones de la Photo London Week. Instituciones como el&nbsp;<a href=\"https:\/\/www.lanacion.com.ar\/cultura\/nueva-york-tras-cinco-meses-cierre-absoluto-nid2435028\">Met de Nueva York,<\/a>&nbsp;el Museo de Fotograf\u00eda de \u00c1msterdam, el Museo de Arte Multimedia de Mosc\u00fa y la Tate de Londres son socios activos de este encuentro, que comenz\u00f3 el 7.<\/p>\n\n\n\n<div class=\"wp-block-image\"><figure class=\"aligncenter is-resized\"><img decoding=\"async\" loading=\"lazy\" src=\"https:\/\/bucket3.glanacion.com\/anexos\/fotos\/37\/3438237w380.jpg\" alt=\"&quot;Almar&quot;, foto de Mar\u00eda Marta Estrada\" width=\"501\" height=\"334\"\/><figcaption>\"Almar\", foto de Mar\u00eda Marta Estrada&nbsp;Cr\u00e9dito: Gentileza ASZ Fine Art galer\u00eda de Arte<\/figcaption><\/figure><\/div>\n\n\n\n<p>La galer\u00eda&nbsp;<strong>ASZ Fine Art, que fue elogiada por la prensa brit\u00e1nica d\u00edas atr\u00e1s,<\/strong>&nbsp;presenta una selecci\u00f3n de obras de artistas argentinos, con eje en la memoria de vivencias personales y en la naturaleza, \"a veces como refugio de rituales \u00edntimos, y otras como un espacio para construcciones de&nbsp;<a href=\"https:\/\/www.lanacion.com.ar\/sociedad\/naturaleza-argentina-las-seis-alertas-amenazan-medio-nid2287660\">nuevas met\u00e1foras sobre problem\u00e1ticas ambientales\",<\/a>&nbsp;dice S\u00e1nchez Zinny. Siete fot\u00f3grafas y un fot\u00f3grafo exhiben sus im\u00e1genes en Photo London Digital: Adeline Thibaud, Agust\u00edn Estrada, Claudia Behrensen, Ingrid Weyland, Irene Momesso, Lucila Traverso, Mar\u00eda Marta Estrada y Sonia Braun.<\/p>\n\n\n\n<p>\"Son artistas emergentes, que si bien tienen una s\u00f3lida obra, que vienen profundizando hace tiempo, reci\u00e9n est\u00e1n d\u00e1ndose a conocer hace pocos a\u00f1os -dice la directora de ASZ Fine Art a&nbsp;<strong>LA NACION-<\/strong>. Algunos vienen de las artes pl\u00e1sticas y otros del dise\u00f1o, la arquitectura e inclusive la econom\u00eda\". Las im\u00e1genes se pueden ver en la secci\u00f3n&nbsp;<a href=\"https:\/\/www.artsy.net\/photo-london-digital-2020\/browse\/booths\/section\/Discovery\">Discovery Galleries<\/a>, dedicada a las galer\u00edas y artistas emergentes m\u00e1s interesantes seg\u00fan la \u00f3ptica de los curadores. Instituciones art\u00edsticas y coleccionistas suelen poner el foco en Discovery. En una rese\u00f1a publicada por el diario&nbsp;<em>The Guardian<\/em>&nbsp;se elogiaron las fotos de Thibaud y Estrada, y la directora de fotograf\u00eda de la revista&nbsp;<em>Financial Times&nbsp;<\/em>ponder\u00f3 las de Weyland, que registran en clave po\u00e9tica los paisajes asolados por el&nbsp;<a href=\"https:\/\/www.lanacion.com.ar\/sociedad\/ecocidio-humedales-rosario-pie-guerra-incendios-nid2463739\">desastre ambiental en marcha.<\/a><\/p>\n\n\n\n<div class=\"wp-block-image\"><figure class=\"aligncenter is-resized\"><img decoding=\"async\" loading=\"lazy\" src=\"https:\/\/bucket1.glanacion.com\/anexos\/fotos\/32\/3438232w380.jpg\" alt=\"&quot;Altares&quot;, de Adeline Thibaud; su obra fue destacada por la prensa brit\u00e1nica\" width=\"509\" height=\"339\"\/><figcaption>\"Altares\", de Adeline Thibaud; su obra fue destacada por la prensa brit\u00e1nica&nbsp;Cr\u00e9dito: Gentileza ASZ Fine Art galer\u00eda de Arte<\/figcaption><\/figure><\/div>\n\n\n\n<p>Para S\u00e1nchez Zinny, la experiencia en Photo London Digital ha sido excepcional. \"Es un equipo de trabajo muy grande y profesional del cual hemos tenido la mejor devoluci\u00f3n posible. Nos han acompa\u00f1ado y guiado en todo este proceso. Es una oportunidad \u00fanica e incre\u00edble compartir la feria con tantas galer\u00edas y artistas que son referentes para nosotros\". En esta edici\u00f3n se presentaron muestras monogr\u00e1ficas del austriaco Wolf Suschitsky, la costamarfile\u00f1a Joana Choumali y la mexicana Tania Franco Klein, ganadora del premio Photo London Discovery Residency en 2018. En la secci\u00f3n de fotograf\u00edas hist\u00f3ricas hay im\u00e1genes de&nbsp;<a href=\"https:\/\/www.lanacion.com.ar\/cultura\/richard-avedon-y-un-mito-que-revive-con-la-subasta-de-sus-piezas-nid724754\/\">Richard Avedon,<\/a>&nbsp;Andr\u00e9 Kert\u00e9sz, Laszlo Moholy-Nagy y Daido Moriyama, entre otros n\u00famero 1 del arte de la luz.<\/p>\n\n\n\n<div class=\"wp-block-image\"><figure class=\"aligncenter is-resized\"><img decoding=\"async\" loading=\"lazy\" src=\"https:\/\/bucket1.glanacion.com\/anexos\/fotos\/31\/3438231w380.jpg\" alt=\"Las fotos de Agust\u00edn Estrada tambi\u00e9n fueron ponderadas en Londres; &quot;Alma Pater&quot; es el t\u00edtulo de esta obra\" width=\"483\" height=\"322\"\/><figcaption>Las fotos de Agust\u00edn Estrada tambi\u00e9n fueron ponderadas en Londres; \"Alma Pater\" es el t\u00edtulo de esta obra&nbsp;Cr\u00e9dito: Gentileza ASZ Fine Art galer\u00eda de Arte<\/figcaption><\/figure><\/div>\n\n\n\n<p>\"Estamos muy conscientes de que esto ha sido posible debido a la cancelaci\u00f3n de la feria presencial de este a\u00f1o, ya que para una peque\u00f1a galer\u00eda argentina es muy complicado participar en forma presencial -agrega-. Pero ya nos han comentado que est\u00e1n interesados en&nbsp;<strong>sumar a su habitual propuesta presencial en Londres&nbsp;<\/strong><strong>la modalidad virtual<\/strong>&nbsp;en las pr\u00f3ximas ediciones. Esto da la posibilidad de participar a galer\u00edas de muchos pa\u00edses que antes no pod\u00edan acceder\".<\/p>\n\n\n\n<div class=\"wp-block-image\"><figure class=\"aligncenter is-resized\"><img decoding=\"async\" loading=\"lazy\" src=\"https:\/\/bucket2.glanacion.com\/anexos\/fotos\/35\/3438235w380.jpg\" alt=\"&quot;Develar&quot;, de Lucila Traverso\" width=\"526\" height=\"350\"\/><figcaption>\"Develar\", de Lucila Traverso&nbsp;Cr\u00e9dito: Gentileza ASZ Fine Art galer\u00eda de Arte<\/figcaption><\/figure><\/div>\n\n\n\n<p>S\u00e1nchez Zinny se desempe\u00f1\u00f3 como fot\u00f3grafa, y es docente, curadora, gestora y galerista. \"En la d\u00e9cada de 1990, cuando comenc\u00e9, no exist\u00eda un mercado del arte para la fotograf\u00eda, ni ferias, ni galer\u00edas especializadas y la fotograf\u00eda en general no ten\u00eda&nbsp;<a href=\"https:\/\/www.lanacion.com.ar\/cultura\/la-fotografia-argentina-conquista-el-mundo-pero-la-ley-local-la-ignora-nid2158990\">el lugar que tiene hoy en d\u00eda<\/a>-recuerda-. As\u00ed que nunca me plante\u00e9 hacer una carrera de artista, lo que me habilit\u00f3 a experimentar distintos roles dentro de la fotograf\u00eda. Eso me permiti\u00f3 tener una visi\u00f3n muy amplia y enriquecedora de todos los procesos que implican la creaci\u00f3n fotogr\u00e1fica. Mi trabajo como docente y curadora durante los \u00faltimos diecisiete a\u00f1os me puso en contacto estrecho con artistas incre\u00edbles que he acompa\u00f1ado y cuyo trabajo he visto madurar\". El deseo de dar visibilidad a sus obras la motiv\u00f3 a gestionar una galer\u00eda de arte que, hoy, ocupa un sitio en la escena internacional.<\/p>\n\n\n\n<div class=\"wp-block-image\"><figure class=\"aligncenter is-resized\"><img decoding=\"async\" loading=\"lazy\" src=\"https:\/\/bucket2.glanacion.com\/anexos\/fotos\/34\/3438234w380.jpg\" alt=\"Una de las fotos de Claudia Behrensen en Photo London Digital\" width=\"522\" height=\"348\"\/><figcaption>Una de las fotos de Claudia Behrensen en Photo London Digital&nbsp;Cr\u00e9dito: Gentileza ASZ Fine Art galer\u00eda de Arte<\/figcaption><\/figure><\/div>\n","protected":false},"excerpt":{"rendered":"<p>Hasta el domingo 18 se desarrolla&nbsp;Photo London Digital,&nbsp;una de las principales ferias internacionales de fotograf\u00eda, que este a\u00f1o se hace en forma online. La feria, que estaba prevista para mayo, debi\u00f3 ser cancelada por el&nbsp;Covid-19, y funciona desde la plataforma&nbsp;Artsy, donde se difunden muestras de galer\u00edas y colecciones de museos, obras de artistas, ferias y [&hellip;]<\/p>\n","protected":false},"author":40,"featured_media":272930,"comment_status":"open","ping_status":"open","sticky":false,"template":"","format":"standard","meta":{"_stopmodifiedupdate":false,"_modified_date":"","inline_featured_image":false,"spay_email":"","jetpack_publicize_message":""},"categories":[832],"tags":[],"jetpack_featured_media_url":"https:\/\/notinor.com\/jujuy\/wp-content\/uploads\/2020\/10\/3438237w380.jpg","jetpack_publicize_connections":[],"_links":{"self":[{"href":"https:\/\/notinor.com\/jujuy\/wp-json\/wp\/v2\/posts\/272927"}],"collection":[{"href":"https:\/\/notinor.com\/jujuy\/wp-json\/wp\/v2\/posts"}],"about":[{"href":"https:\/\/notinor.com\/jujuy\/wp-json\/wp\/v2\/types\/post"}],"author":[{"embeddable":true,"href":"https:\/\/notinor.com\/jujuy\/wp-json\/wp\/v2\/users\/40"}],"replies":[{"embeddable":true,"href":"https:\/\/notinor.com\/jujuy\/wp-json\/wp\/v2\/comments?post=272927"}],"version-history":[{"count":1,"href":"https:\/\/notinor.com\/jujuy\/wp-json\/wp\/v2\/posts\/272927\/revisions"}],"predecessor-version":[{"id":272931,"href":"https:\/\/notinor.com\/jujuy\/wp-json\/wp\/v2\/posts\/272927\/revisions\/272931"}],"wp:featuredmedia":[{"embeddable":true,"href":"https:\/\/notinor.com\/jujuy\/wp-json\/wp\/v2\/media\/272930"}],"wp:attachment":[{"href":"https:\/\/notinor.com\/jujuy\/wp-json\/wp\/v2\/media?parent=272927"}],"wp:term":[{"taxonomy":"category","embeddable":true,"href":"https:\/\/notinor.com\/jujuy\/wp-json\/wp\/v2\/categories?post=272927"},{"taxonomy":"post_tag","embeddable":true,"href":"https:\/\/notinor.com\/jujuy\/wp-json\/wp\/v2\/tags?post=272927"}],"curies":[{"name":"wp","href":"https:\/\/api.w.org\/{rel}","templated":true}]}}