{"id":272419,"date":"2020-10-22T13:53:00","date_gmt":"2020-10-22T16:53:00","guid":{"rendered":"https:\/\/notinor.com\/jujuy\/?p=272419"},"modified":"2020-10-22T13:53:04","modified_gmt":"2020-10-22T16:53:04","slug":"cordoba-no-pedira-hisopados-negativos-ni-obligara-a-hacer-cuarentena-a-quienes-ingresen","status":"publish","type":"post","link":"https:\/\/notinor.com\/jujuy\/cordoba-no-pedira-hisopados-negativos-ni-obligara-a-hacer-cuarentena-a-quienes-ingresen\/","title":{"rendered":"C\u00f3rdoba no pedir\u00e1 hisopados negativos ni obligar\u00e1 a hacer cuarentena a quienes ingresen"},"content":{"rendered":"\n<p>La medida llega luego de que el Gobierno nacional anunciara el regreso de los vuelos de cabotaje y el transporte en colectivos de media y larga distancia.<\/p>\n\n\n\n<figure class=\"wp-block-image size-large\"><img decoding=\"async\" loading=\"lazy\" width=\"750\" height=\"381\" src=\"https:\/\/notinor.com\/jujuy\/wp-content\/uploads\/2020\/10\/CORDOBA.jpg\" alt=\"\" class=\"wp-image-272420\" srcset=\"https:\/\/notinor.com\/jujuy\/wp-content\/uploads\/2020\/10\/CORDOBA.jpg 750w, https:\/\/notinor.com\/jujuy\/wp-content\/uploads\/2020\/10\/CORDOBA-660x335.jpg 660w\" sizes=\"(max-width: 750px) 100vw, 750px\" \/><\/figure>\n\n\n\n<p>El Centro de Operaciones de Emergencia (COE) anunci\u00f3 que, a partir del lunes, C\u00f3rdoba ya no pedir\u00e1 hisopados negativos ni obligar\u00e1 a hacer cuarentena a quienes ingresen a la provincia.<\/p>\n\n\n\n<p>El anuncio llega en el marco del regreso de los vuelos de cabotaje y los viajes en colectivos de larga y media distancia. Tambi\u00e9n incluye a quienes crucen la frontera interna en veh\u00edculos particulares o de carga.<\/p>\n\n\n\n<p>El Gobierno de Mendoza tambi\u00e9n se sum\u00f3 a esta medida, decidiendo no exigir el aislamiento de 10 d\u00edas ni el resultado negativo del estudio PCR a los ingresantes a la provincia.<\/p>\n\n\n\n<p>La flexibilizaci\u00f3n se da en el contexto del lanzamiento de protocolos de seguridad sanitaria para la venidera temporada tur\u00edstica.<\/p>\n\n\n\n<p>\"Tal como se estableci\u00f3 para la habilitaci\u00f3n de los servicios de transporte a\u00e9reo y terrestre, que comenzaron a funcionar este jueves, el ingreso a C\u00f3rdoba ser\u00e1 libre para pasajeros que realizan actividades esenciales y para todos aquellos que porten el permiso que otorga el Gobierno nacional\", detall\u00f3 el COE.<\/p>\n\n\n\n<p>La instituci\u00f3n inform\u00f3 que la encargada de controlar que se cumpla la nueva disposici\u00f3n ser\u00e1 la&nbsp; Polic\u00eda Caminera y agreg\u00f3 que \"cabe recordar que los controles sanitarios de las fronteras ya se hab\u00edan levantado anteriormente. Esta nueva disposici\u00f3n comenzar\u00eda a regir el lunes\".<\/p>\n\n\n\n<p>La medida exige a todos los viajeros portar el \"Certificado \u00danico Habilitante para Circulaci\u00f3n - Emergencia Covid-19\", y\/o \"el instrumento sustitutivo o complementario que la normativa vigente requiera\".<\/p>\n\n\n\n<p>Tambi\u00e9n deber\u00e1n descargar la app Cuidar y proceder \"al correcto llenado y actualizaci\u00f3n de los datos requeridos por la misma, incluyendo la declaraci\u00f3n jurada por Covid-19\", seg\u00fan inform\u00f3 el COE.<\/p>\n","protected":false},"excerpt":{"rendered":"<p>La medida llega luego de que el Gobierno nacional anunciara el regreso de los vuelos de cabotaje y el transporte en colectivos de media y larga distancia. El Centro de Operaciones de Emergencia (COE) anunci\u00f3 que, a partir del lunes, C\u00f3rdoba ya no pedir\u00e1 hisopados negativos ni obligar\u00e1 a hacer cuarentena a quienes ingresen a [&hellip;]<\/p>\n","protected":false},"author":5,"featured_media":272420,"comment_status":"open","ping_status":"open","sticky":false,"template":"","format":"standard","meta":{"_stopmodifiedupdate":false,"_modified_date":"","inline_featured_image":false,"spay_email":"","jetpack_publicize_message":""},"categories":[5],"tags":[],"jetpack_featured_media_url":"https:\/\/notinor.com\/jujuy\/wp-content\/uploads\/2020\/10\/CORDOBA.jpg","jetpack_publicize_connections":[],"_links":{"self":[{"href":"https:\/\/notinor.com\/jujuy\/wp-json\/wp\/v2\/posts\/272419"}],"collection":[{"href":"https:\/\/notinor.com\/jujuy\/wp-json\/wp\/v2\/posts"}],"about":[{"href":"https:\/\/notinor.com\/jujuy\/wp-json\/wp\/v2\/types\/post"}],"author":[{"embeddable":true,"href":"https:\/\/notinor.com\/jujuy\/wp-json\/wp\/v2\/users\/5"}],"replies":[{"embeddable":true,"href":"https:\/\/notinor.com\/jujuy\/wp-json\/wp\/v2\/comments?post=272419"}],"version-history":[{"count":1,"href":"https:\/\/notinor.com\/jujuy\/wp-json\/wp\/v2\/posts\/272419\/revisions"}],"predecessor-version":[{"id":272421,"href":"https:\/\/notinor.com\/jujuy\/wp-json\/wp\/v2\/posts\/272419\/revisions\/272421"}],"wp:featuredmedia":[{"embeddable":true,"href":"https:\/\/notinor.com\/jujuy\/wp-json\/wp\/v2\/media\/272420"}],"wp:attachment":[{"href":"https:\/\/notinor.com\/jujuy\/wp-json\/wp\/v2\/media?parent=272419"}],"wp:term":[{"taxonomy":"category","embeddable":true,"href":"https:\/\/notinor.com\/jujuy\/wp-json\/wp\/v2\/categories?post=272419"},{"taxonomy":"post_tag","embeddable":true,"href":"https:\/\/notinor.com\/jujuy\/wp-json\/wp\/v2\/tags?post=272419"}],"curies":[{"name":"wp","href":"https:\/\/api.w.org\/{rel}","templated":true}]}}