{"id":272383,"date":"2020-10-22T13:11:54","date_gmt":"2020-10-22T16:11:54","guid":{"rendered":"https:\/\/notinor.com\/jujuy\/?p=272383"},"modified":"2022-04-29T17:33:48","modified_gmt":"2022-04-29T20:33:48","slug":"zara-repone-su-polemico-carro-de-la-compra-que-se-agoto-en-horas","status":"publish","type":"post","link":"https:\/\/notinor.com\/jujuy\/zara-repone-su-polemico-carro-de-la-compra-que-se-agoto-en-horas\/","title":{"rendered":"Zara repone su pol\u00e9mico carro de la compra que se agot\u00f3 en horas"},"content":{"rendered":"\n<figure class=\"wp-block-image\"><img decoding=\"async\" src=\"https:\/\/e00-expansion.uecdn.es\/assets\/multimedia\/imagenes\/2020\/10\/22\/16033520010984.jpg\" alt=\"\"\/><\/figure>\n\n\n\n<p>El \u00faltimo lanzamiento viral con el que Zara ha sorprendido a sus fans lleg\u00f3 a principio de semana en forma de Carro de la compra y se agot\u00f3 en horas. A pesar de la pol\u00e9mica que se gener\u00f3 por su ubicaci\u00f3n en la secci\u00f3n de mujer de sus tiendas y no en la de hombre, Inditex ha decidido reponer algunas unidades de su \u00faltimo must-have cuyo precio es de 49,95 euros. La previsi\u00f3n es que no dure mucho.<\/p>\n\n\n\n<p>El&nbsp;<strong>carro de la compra<\/strong>&nbsp;lanzado por&nbsp;<strong>Zara&nbsp;<\/strong>y que dur\u00f3 en las tiendas menos que un caramelo en la puerta de un colegio, ha vuelto. S\u00ed. La firma de Arteixo lo ha repuesto en tiempo r\u00e9cord para alegr\u00eda de todos los que se hab\u00edan quedado con la agria sensaci\u00f3n de \"mi carro me lo robaron\". Qui\u00e9n iba a pensar que un carrito de la compra se iba a agotar en pocas horas, que se iba a convertir en el<strong>&nbsp;must-have de la temporada<\/strong>&nbsp;y que iba a generar un revuelo sin precedentes en las redes sociales. Pues as\u00ed ocurri\u00f3.&nbsp;<a href=\"https:\/\/www.expansion.com\/fueradeserie\/moda-y-caprichos\/album\/2020\/10\/15\/5f86c955e5fdeaa9538b45c3.html\" target=\"_blank\" rel=\"noreferrer noopener\">Como ya pasara con las zapatillas con logo de Lidl, que se agotaron en tres horas...<\/a>&nbsp;y alcanzan precios astron\u00f3micos en Wallapop.<\/p>\n\n\n\n<p>Zara cre\u00f3 hace unos d\u00edas la necesidad de ir al s\u00faper con<strong>\u00a0el primer carro para la compra lanzado en su historia.\u00a0<\/strong>El carro, que ya se conoce como el carro viral, es muy chic. Plegable y de poli\u00e9ster 100%, est\u00e1 disponible en dos colores (gris y khaki) y en dos acabados acolchados distintos. Se cierra con una solapa de botones a presi\u00f3n y dispone de bolsillos en la parte delantera y bolsillos laterales ajustables, adem\u00e1s de una cremallera en la parte posterior. Mide 60 cent\u00edmetros, tiene una estructura met\u00e1lica ligera, de aluminio, ruedas muy grandes y<strong>\u00a0cuesta 49,95 euros;<\/strong>\u00a0un precio similar a los de su target de otras firmas.<\/p>\n\n\n\n<p>Los&nbsp;<strong>clientes de Zara<\/strong>, sorprendidos por este nuevo \"complemento de moda\", se lanzaron a comprarlo. Quiz\u00e1 motivados por la novedad o pensando que al final podr\u00eda convertirse en un objeto de coleccionista o simplemente por el efecto llamada. El caso es que&nbsp;<strong>desaparecieron de las tiendas f\u00edsicas y on line en muy pocas horas.&nbsp;<\/strong>A la vez, en las Redes Sociales el personal se hac\u00eda este tipo de preguntas y la pol\u00e9mica no paraba de crecer: \u00bfqu\u00e9 pinta un carro de la compra en Zara? \u00bfNo ser\u00eda m\u00e1s l\u00f3gico que lo vendieran en Zara Home? \u00bfPor qu\u00e9 est\u00e1 en la secci\u00f3n de mujer en vez de en la de hombre? \u00bfEs el principio de nuevas v\u00edas de negocio para la firma? \u00bfTiene esta acci\u00f3n algo que ver con la nueva realidad? \u00bfy con la ecolog\u00eda? Lo cierto es que Inditex est\u00e1 diversificando su cat\u00e1logo y \"probando\" nuevas estrategias. Y este carro puede seguir dando mucho que hablar.<\/p>\n\n\n\n<p>La&nbsp;<strong>\"fiebre por el carro de Zara\"&nbsp;<\/strong>se entiende por varias razones. La primera por el&nbsp;<strong>factor sorpresa<\/strong>. Nadie se imaginaba que esta temporada Zara nos sorprendiera con este objeto de deseo tan inusual. La segunda, es que sigue la tendencia de la moda y se ha desmarcado de los t\u00edpicos carros estampados, o de cuadros escoceses o de colores lisos y vivos y telas impermeables para hacer&nbsp;<strong>un gui\u00f1o a los acolchados en prendas de abrigo<\/strong>&nbsp;para este oto\u00f1o-invierno. La tercera viene al hilo de las tendencias ecol\u00f3gicas que apuestan m\u00e1s por las&nbsp;<strong>market bags reutilizables<\/strong>&nbsp;que por el uso de las de pl\u00e1stico y que, la misma Zara, ha lanzado varios modelos este mes, con interior de rejilla y dise\u00f1os geom\u00e9tricos, cuadros vivhy, flores. No hay que olvidar que Inditex ya anunci\u00f3 su intenci\u00f3n de ser una empresa 100 por 100 eco-friendly para 2025, fabricando todas sus prendas con materiales org\u00e1nicos, sostenibles o reciclados.<\/p>\n\n\n\n<figure class=\"wp-block-image\"><img decoding=\"async\" src=\"https:\/\/e00-expansion.uecdn.es\/assets\/multimedia\/imagenes\/2020\/10\/22\/16033520515880.png\" alt=\"\"\/><\/figure>\n\n\n\n<p>La \u00faltima raz\u00f3n tiene que ver m\u00e1s con las nuevas tendencias de vida que seguimos por la&nbsp;<strong>pandemia<\/strong>: m\u00e1s tiempo en casa, teletrabajo que nos obliga a desayunar y almorzar en nuestro hogar, m\u00e1s visitas de amigos y familiares... y, como consecuencia,&nbsp;<strong>m\u00e1s viajes al supermercado<\/strong>. \u00a1Y ya que hay que ir, pues vamos a hacerlo luciendo nuestros mejores carros!<\/p>\n\n\n\n<p>Creada la necesidad, Zara ha respondido reponiendo unidades. Disponible en tiendas y en zara.com, habr\u00e1 que darse prisa porque la noticia de su vuelta ya vuela de boca o o\u00eddo y m\u00f3vil a m\u00f3vil a trav\u00e9s de las redes.<\/p>\n","protected":false},"excerpt":{"rendered":"<p>El \u00faltimo lanzamiento viral con el que Zara ha sorprendido a sus fans lleg\u00f3 a principio de semana en forma de Carro de la compra y se agot\u00f3 en horas. A pesar de la pol\u00e9mica que se gener\u00f3 por su ubicaci\u00f3n en la secci\u00f3n de mujer de sus tiendas y no en la de hombre, [&hellip;]<\/p>\n","protected":false},"author":40,"featured_media":272386,"comment_status":"open","ping_status":"open","sticky":false,"template":"","format":"standard","meta":{"_stopmodifiedupdate":false,"_modified_date":"","inline_featured_image":false,"spay_email":"","jetpack_publicize_message":""},"categories":[2],"tags":[],"jetpack_featured_media_url":"https:\/\/notinor.com\/jujuy\/wp-content\/uploads\/2020\/10\/16033520010984.jpg","jetpack_publicize_connections":[],"_links":{"self":[{"href":"https:\/\/notinor.com\/jujuy\/wp-json\/wp\/v2\/posts\/272383"}],"collection":[{"href":"https:\/\/notinor.com\/jujuy\/wp-json\/wp\/v2\/posts"}],"about":[{"href":"https:\/\/notinor.com\/jujuy\/wp-json\/wp\/v2\/types\/post"}],"author":[{"embeddable":true,"href":"https:\/\/notinor.com\/jujuy\/wp-json\/wp\/v2\/users\/40"}],"replies":[{"embeddable":true,"href":"https:\/\/notinor.com\/jujuy\/wp-json\/wp\/v2\/comments?post=272383"}],"version-history":[{"count":1,"href":"https:\/\/notinor.com\/jujuy\/wp-json\/wp\/v2\/posts\/272383\/revisions"}],"predecessor-version":[{"id":272387,"href":"https:\/\/notinor.com\/jujuy\/wp-json\/wp\/v2\/posts\/272383\/revisions\/272387"}],"wp:featuredmedia":[{"embeddable":true,"href":"https:\/\/notinor.com\/jujuy\/wp-json\/wp\/v2\/media\/272386"}],"wp:attachment":[{"href":"https:\/\/notinor.com\/jujuy\/wp-json\/wp\/v2\/media?parent=272383"}],"wp:term":[{"taxonomy":"category","embeddable":true,"href":"https:\/\/notinor.com\/jujuy\/wp-json\/wp\/v2\/categories?post=272383"},{"taxonomy":"post_tag","embeddable":true,"href":"https:\/\/notinor.com\/jujuy\/wp-json\/wp\/v2\/tags?post=272383"}],"curies":[{"name":"wp","href":"https:\/\/api.w.org\/{rel}","templated":true}]}}