{"id":272378,"date":"2020-10-22T13:09:16","date_gmt":"2020-10-22T16:09:16","guid":{"rendered":"https:\/\/notinor.com\/jujuy\/?p=272378"},"modified":"2020-10-22T13:09:20","modified_gmt":"2020-10-22T16:09:20","slug":"murio-el-artista-alfonso-alvarez","status":"publish","type":"post","link":"https:\/\/notinor.com\/jujuy\/murio-el-artista-alfonso-alvarez\/","title":{"rendered":"Muri\u00f3 el artista Alfonso \u00c1lvarez"},"content":{"rendered":"\n<p><strong>En d\u00edas recientes muri\u00f3 el artista bogotano Alfonso \u00c1lvarez. \u00a0La pintora y artista visual Juliana R\u00edos Mart\u00ednez esribi\u00f3 un texto en memoria suya.<\/strong><\/p>\n\n\n\n<div class=\"wp-block-image\"><figure class=\"aligncenter\"><img decoding=\"async\" src=\"https:\/\/static.wixstatic.com\/media\/233179_ca2c64ef877140b2bb8bcb91a2390c76~mv2.jpg\/v1\/fill\/w_480,h_648,fp_0.50_0.50,lg_1,q_90\/233179_ca2c64ef877140b2bb8bcb91a2390c76~mv2.jpg\" alt=\"Muri\u00f3 el artista Alfonso \u00c1lvarez\"\/><\/figure><\/div>\n\n\n\n<p>Oscar Wilde afirmaba que los \u00fanicos retratos cre\u00edbles son aquellos en los que uno ve poco del modelo y mucho del artista. Los personajes extraordinarios que&nbsp;<strong>Alfonso \u00c1lvarez retrat\u00f3 durante m\u00e1s de quince&nbsp;<\/strong>a\u00f1os son la evidencia de un artista complejo, so\u00f1ador, persistente, meticuloso y obsesivo que buscaba ser, y ver, m\u00e1s de lo aparente; un artista que, hasta el \u00faltimo d\u00eda de su vida, se entreg\u00f3 al amor por el oficio.<\/p>\n\n\n\n<p>Nacido en Bogot\u00e1 el 31 de enero de 1960, Alfonso fue el hijo de un ebanista y una modista. Siendo apenas un ni\u00f1o, su padre le regal\u00f3 el libro&nbsp;<em>Los caracteres de Teofrasto,<\/em>&nbsp;y desde entonces naci\u00f3 en \u00e9l un inter\u00e9s por entender y cuestionar la vanidad y las pretensiones de la sociedad.<\/p>\n\n\n\n<p>En 1980 entr\u00f3 a la Escuela de Bellas Artes de Bogot\u00e1 y en 1986 realiz\u00f3 estudios de pintura y dibujo en el taller del maestro David Manzur. En medio del auge del arte Latinomamericano de los ochentas, Alfonso&nbsp;<strong>trabaj\u00f3 como maestro impresor en el Taller ArteDos Gr\u00e1fico, en donde dirigi\u00f3 la secci\u00f3n de grabado en metal&nbsp;<\/strong>y desarroll\u00f3 proyectos gr\u00e1ficos con los m\u00e1s importantes exponentes del arte Colombiano y Latinoamericano.<\/p>\n\n\n\n<p>Solo por citar un ejemplo,\u00a0<strong>series como 'Amarraperros' y 'Tauromaquia', del Maestro Juan Antonio Roda fueron impresas por sus manos<\/strong>. Con el tiempo, se independiz\u00f3 de ArteDos y durante el resto de su vida se aventur\u00f3 a abrir otros talleres. Su necesidad por compartir lo que sab\u00eda lo llev\u00f3 tambi\u00e9n a dedicarse a la docencia y, por m\u00e1s de dos d\u00e9cadas,\u00a0<strong>estuvo vinculado a m\u00faltiples espacios como La Universidad Externado de Colombia y la Pontificia Universidad Javeriana de Bogot\u00e1.\u00a0<\/strong>En esta \u00faltima form\u00f3 toda una generaci\u00f3n de artistas gr\u00e1ficos con quienes<strong>\u00a0fund\u00f3 varios espacios independientes; entre ellos Taller Trez y Obra Negra.<\/strong><\/p>\n\n\n\n<div class=\"wp-block-image\"><figure class=\"aligncenter is-resized\"><img decoding=\"async\" loading=\"lazy\" src=\"https:\/\/static.wixstatic.com\/media\/233179_9b4b885b538e4c209a2fd052e9332b01~mv2.jpg\/v1\/fill\/w_479,h_660,fp_0.50_0.50,lg_1,q_90\/233179_9b4b885b538e4c209a2fd052e9332b01~mv2.jpg\" alt=\"Muri\u00f3 el artista Alfonso \u00c1lvarez\" width=\"365\" height=\"503\"\/><\/figure><\/div>\n\n\n\n<p>Alfonso fue un hombre de contrastes y contradicciones.<strong>&nbsp;En el taller de gr\u00e1fica se mostraba seguro del conocimiento de su oficio&nbsp;<\/strong>y se entregaba sin miedo a los proyectos de otros pero, en la soledad de su propio taller, batallaba constantemente con sus dudas e inseguridades yse cuestionaba sobre su propia creaci\u00f3n y la pintura.<\/p>\n\n\n\n<p>Aunque desde sus inicios como profesional particip\u00f3 en exposiciones colectivas y ferias internacionales, en importantes espacios como el Banco de La Rep\u00fablica,&nbsp;<strong>solo hasta el 2007 present\u00f3 su primera exposici\u00f3n individual en La Casa de Jim y Olga Amaral.<\/strong><\/p>\n\n\n\n<p>Alfonso no tuvo hijos pero era un hombre familiar. Sus talleres se convirtieron en clanes conformados por artistas que se dejaron contagiar por su entusiasmo para emprender nuevos proyectos. No le interesaba ser parte de las tendencias del arte, ni complacer a curadores o galeristas pero s<strong>u obra, expuesta en pa\u00edses como China, Inglaterra, Estados Unidos, M\u00e9xico o Hungr\u00eda,<\/strong>&nbsp;siempre generaba inter\u00e9s, curiosidad y extra\u00f1eza y nunca pas\u00f3 desapercibida.<\/p>\n\n\n\n<p>Aunque era evidente,\u00a0<strong>su virtuosismo t\u00e9cnico era lo que menos le importaba de su obra.\u00a0<\/strong>Lo que realmente le preocupaba era que \u00e9sta generara empat\u00eda y que los observadores vieran belleza y luz en lo que a primera vista se percib\u00eda oscuro, misterioso, desconocido y extra\u00f1o.<\/p>\n\n\n\n<div class=\"wp-block-image\"><figure class=\"aligncenter\"><img decoding=\"async\" src=\"https:\/\/lh5.ggpht.com\/-pwVPFFHXymg\/TzsIzGp5NII\/AAAAAAAAQI8\/adELLbTIidY\/bYoCuido_thumb%25255B3%25255D.jpg?imgmax=800\" alt=\"Alfonso \u00c1lvarez - Autorretratos ~ Enkaustikos\"\/><\/figure><\/div>\n\n\n\n<p>Aunque no le interesaba la pol\u00edtica, su obra invita al espectador a entender otras formas de ser y de vivir.&nbsp;<strong>En una sociedad cada vez m\u00e1s individualista, Alfonso seguir\u00e1 motivando a colaborar y a crear en comunidad.&nbsp;<\/strong>La grandeza de su obra qued\u00f3 capturada en peque\u00f1os cuadros de 18x23cm. Joyas que, para poder ser apreciadas, d<strong>eben observarse con lupa y que retratan personajes complejos e impredecibles; como \u00e9l.<\/strong><\/p>\n\n\n\n<p>\u00c1lfonso Alvarez,<strong>&nbsp;falleci\u00f3 en la ciudad de Bogot\u00e1 el domingo 18 de octubre de 2020.<\/strong>&nbsp;En este momento su obra es parte de la Exposici\u00f3n 'Figuraci\u00f3n Colombiana', pr\u00f3xima a inaugurar en Primer deposito, Museo de arte, Guanajuato M\u00e9xico.<\/p>\n","protected":false},"excerpt":{"rendered":"<p>En d\u00edas recientes muri\u00f3 el artista bogotano Alfonso \u00c1lvarez. \u00a0La pintora y artista visual Juliana R\u00edos Mart\u00ednez esribi\u00f3 un texto en memoria suya. Oscar Wilde afirmaba que los \u00fanicos retratos cre\u00edbles son aquellos en los que uno ve poco del modelo y mucho del artista. Los personajes extraordinarios que&nbsp;Alfonso \u00c1lvarez retrat\u00f3 durante m\u00e1s de quince&nbsp;a\u00f1os [&hellip;]<\/p>\n","protected":false},"author":40,"featured_media":272380,"comment_status":"open","ping_status":"open","sticky":false,"template":"","format":"standard","meta":{"_stopmodifiedupdate":false,"_modified_date":"","inline_featured_image":false,"spay_email":"","jetpack_publicize_message":""},"categories":[2],"tags":[],"jetpack_featured_media_url":"https:\/\/notinor.com\/jujuy\/wp-content\/uploads\/2020\/10\/Captura-11.png","jetpack_publicize_connections":[],"_links":{"self":[{"href":"https:\/\/notinor.com\/jujuy\/wp-json\/wp\/v2\/posts\/272378"}],"collection":[{"href":"https:\/\/notinor.com\/jujuy\/wp-json\/wp\/v2\/posts"}],"about":[{"href":"https:\/\/notinor.com\/jujuy\/wp-json\/wp\/v2\/types\/post"}],"author":[{"embeddable":true,"href":"https:\/\/notinor.com\/jujuy\/wp-json\/wp\/v2\/users\/40"}],"replies":[{"embeddable":true,"href":"https:\/\/notinor.com\/jujuy\/wp-json\/wp\/v2\/comments?post=272378"}],"version-history":[{"count":1,"href":"https:\/\/notinor.com\/jujuy\/wp-json\/wp\/v2\/posts\/272378\/revisions"}],"predecessor-version":[{"id":272381,"href":"https:\/\/notinor.com\/jujuy\/wp-json\/wp\/v2\/posts\/272378\/revisions\/272381"}],"wp:featuredmedia":[{"embeddable":true,"href":"https:\/\/notinor.com\/jujuy\/wp-json\/wp\/v2\/media\/272380"}],"wp:attachment":[{"href":"https:\/\/notinor.com\/jujuy\/wp-json\/wp\/v2\/media?parent=272378"}],"wp:term":[{"taxonomy":"category","embeddable":true,"href":"https:\/\/notinor.com\/jujuy\/wp-json\/wp\/v2\/categories?post=272378"},{"taxonomy":"post_tag","embeddable":true,"href":"https:\/\/notinor.com\/jujuy\/wp-json\/wp\/v2\/tags?post=272378"}],"curies":[{"name":"wp","href":"https:\/\/api.w.org\/{rel}","templated":true}]}}