{"id":272370,"date":"2020-10-22T13:01:26","date_gmt":"2020-10-22T16:01:26","guid":{"rendered":"https:\/\/notinor.com\/jujuy\/?p=272370"},"modified":"2020-10-22T13:01:30","modified_gmt":"2020-10-22T16:01:30","slug":"amalia-la-hija-de-la-reina-maxima-formara-parte-del-ejercito-holandes","status":"publish","type":"post","link":"https:\/\/notinor.com\/jujuy\/amalia-la-hija-de-la-reina-maxima-formara-parte-del-ejercito-holandes\/","title":{"rendered":"Amalia, la hija de la reina M\u00e1xima, formar\u00e1 parte del ej\u00e9rcito holand\u00e9s"},"content":{"rendered":"\n<p>Mientras se acerca a sus 18 a\u00f1os, la heredera al trono de los Pa\u00edses Bajos ser\u00e1 la primera de la familia en ser convocada al ej\u00e9rcito.<\/p>\n\n\n\n<figure class=\"wp-block-image size-large\"><img decoding=\"async\" loading=\"lazy\" width=\"750\" height=\"418\" src=\"https:\/\/notinor.com\/jujuy\/wp-content\/uploads\/2020\/10\/amalia-1.jpg\" alt=\"\" class=\"wp-image-272375\" srcset=\"https:\/\/notinor.com\/jujuy\/wp-content\/uploads\/2020\/10\/amalia-1.jpg 750w, https:\/\/notinor.com\/jujuy\/wp-content\/uploads\/2020\/10\/amalia-1-655x365.jpg 655w, https:\/\/notinor.com\/jujuy\/wp-content\/uploads\/2020\/10\/amalia-1-500x280.jpg 500w\" sizes=\"(max-width: 750px) 100vw, 750px\" \/><\/figure>\n\n\n\n<p>La princesa Amalia, tal como miles de j\u00f3venes holandeses que cumplen su mayor\u00eda de edad en el 2020, recibir\u00e1 una carta del Ministerio de Defensa donde se le confirma que est\u00e1 registrada para el servicio militar.<\/p>\n\n\n\n<p>La hija de Guillermo y M\u00e1xima se convertir\u00e1 de este modo en la primera integrante femenina de la familia real en ser convocada, aunque no se sabe c\u00f3mo ser\u00e1 su participaci\u00f3n. Su padre se alist\u00f3 en el instituto naval (KIM) en 1985, form\u00e1ndose como posible oficial en reserva, y naveg\u00f3 en varias fragatas. Su abuela y su bisabuela nunca fueron convocadas ya que la carta a las mujeres para la reserva se implement\u00f3 en 2018, cuando el Parlamento holand\u00e9s exigi\u00f3 un trato de igualdad entre hombres y mujeres, tambi\u00e9n en las Fuerzas Armadas.&nbsp; El Servicio de Informaci\u00f3n del Gobierno (RVD) asegur\u00f3 que no saben \u201cc\u00f3mo querr\u00e1 entrar en contacto con Defensa de cara a su futuro\u201d.<\/p>\n\n\n\n<p>El servicio militar en Holanda<\/p>\n\n\n\n<p>Seg\u00fan indica Vanitatis, la asistencia obligatoria al servicio militar se suspendi\u00f3 ya en 1997, por lo que las tareas de las Fuerzas Armadas de los Pa\u00edses Bajos s\u00f3lo tienen participaci\u00f3n en operaciones de gesti\u00f3n de crisis, misiones de paz y vigilancia de un alto el fuego.<\/p>\n\n\n\n<p>Si bien por el momento no deber\u00e1 participar de forma activa, en caso de que Holanda ingrese en una guerra, todas las personas que hayan recibido la citaci\u00f3n y que posean menos de 45 a\u00f1os podr\u00edan ser convocadas. \u201cNo sabemos qu\u00e9 podr\u00eda pasar en el futuro. Si la seguridad de nuestro pa\u00eds vuelve a verse seriamente amenazada, es posible que estas chicas y chicos sean llamados a filas\u201d, advirti\u00f3 la ministra de Defensa, Ank Bijleveld.<\/p>\n\n\n\n<p>Resta saber cu\u00e1l ser\u00e1 la decisi\u00f3n de la joven, para quien cumplir 18 a\u00f1os ser\u00e1 un gran cambio tambi\u00e9n a nivel econ\u00f3mico, puesto que comenzar\u00e1 a recibir el dinero del Parlamento para que organice su propio equipo de trabajo de cara a su futuro reinado.<\/p>\n","protected":false},"excerpt":{"rendered":"<p>Mientras se acerca a sus 18 a\u00f1os, la heredera al trono de los Pa\u00edses Bajos ser\u00e1 la primera de la familia en ser convocada al ej\u00e9rcito. La princesa Amalia, tal como miles de j\u00f3venes holandeses que cumplen su mayor\u00eda de edad en el 2020, recibir\u00e1 una carta del Ministerio de Defensa donde se le confirma [&hellip;]<\/p>\n","protected":false},"author":5,"featured_media":272373,"comment_status":"open","ping_status":"open","sticky":false,"template":"","format":"standard","meta":{"_stopmodifiedupdate":false,"_modified_date":"","inline_featured_image":false,"spay_email":"","jetpack_publicize_message":""},"categories":[6],"tags":[],"jetpack_featured_media_url":"https:\/\/notinor.com\/jujuy\/wp-content\/uploads\/2020\/10\/amalia.jpg","jetpack_publicize_connections":[],"_links":{"self":[{"href":"https:\/\/notinor.com\/jujuy\/wp-json\/wp\/v2\/posts\/272370"}],"collection":[{"href":"https:\/\/notinor.com\/jujuy\/wp-json\/wp\/v2\/posts"}],"about":[{"href":"https:\/\/notinor.com\/jujuy\/wp-json\/wp\/v2\/types\/post"}],"author":[{"embeddable":true,"href":"https:\/\/notinor.com\/jujuy\/wp-json\/wp\/v2\/users\/5"}],"replies":[{"embeddable":true,"href":"https:\/\/notinor.com\/jujuy\/wp-json\/wp\/v2\/comments?post=272370"}],"version-history":[{"count":1,"href":"https:\/\/notinor.com\/jujuy\/wp-json\/wp\/v2\/posts\/272370\/revisions"}],"predecessor-version":[{"id":272376,"href":"https:\/\/notinor.com\/jujuy\/wp-json\/wp\/v2\/posts\/272370\/revisions\/272376"}],"wp:featuredmedia":[{"embeddable":true,"href":"https:\/\/notinor.com\/jujuy\/wp-json\/wp\/v2\/media\/272373"}],"wp:attachment":[{"href":"https:\/\/notinor.com\/jujuy\/wp-json\/wp\/v2\/media?parent=272370"}],"wp:term":[{"taxonomy":"category","embeddable":true,"href":"https:\/\/notinor.com\/jujuy\/wp-json\/wp\/v2\/categories?post=272370"},{"taxonomy":"post_tag","embeddable":true,"href":"https:\/\/notinor.com\/jujuy\/wp-json\/wp\/v2\/tags?post=272370"}],"curies":[{"name":"wp","href":"https:\/\/api.w.org\/{rel}","templated":true}]}}