{"id":272348,"date":"2020-10-22T12:24:21","date_gmt":"2020-10-22T15:24:21","guid":{"rendered":"https:\/\/notinor.com\/jujuy\/?p=272348"},"modified":"2020-10-22T14:22:50","modified_gmt":"2020-10-22T17:22:50","slug":"caso-iara-rueda-hablo-el-abogado-de-uno-de-los-acusados","status":"publish","type":"post","link":"https:\/\/notinor.com\/jujuy\/caso-iara-rueda-hablo-el-abogado-de-uno-de-los-acusados\/","title":{"rendered":"Caso Iara Rueda: habl\u00f3 el abogado de uno de los acusados"},"content":{"rendered":"\n<p>Gustavo Reynoso, defensor legal de Orlando Cachizumba, pidi\u00f3 que se aparte de la investigaci\u00f3n a la Polic\u00eda de la Provincia.<\/p>\n\n\n\n<figure class=\"wp-block-image size-large\"><img decoding=\"async\" loading=\"lazy\" width=\"840\" height=\"473\" src=\"https:\/\/notinor.com\/jujuy\/wp-content\/uploads\/2020\/10\/Iara-Rueda-descampado-840x473.jpg\" alt=\"\" class=\"wp-image-272352\" srcset=\"https:\/\/notinor.com\/jujuy\/wp-content\/uploads\/2020\/10\/Iara-Rueda-descampado-840x473.jpg 840w, https:\/\/notinor.com\/jujuy\/wp-content\/uploads\/2020\/10\/Iara-Rueda-descampado-649x365.jpg 649w, https:\/\/notinor.com\/jujuy\/wp-content\/uploads\/2020\/10\/Iara-Rueda-descampado-768x432.jpg 768w, https:\/\/notinor.com\/jujuy\/wp-content\/uploads\/2020\/10\/Iara-Rueda-descampado-750x422.jpg 750w, https:\/\/notinor.com\/jujuy\/wp-content\/uploads\/2020\/10\/Iara-Rueda-descampado.jpg 1004w\" sizes=\"(max-width: 840px) 100vw, 840px\" \/><figcaption>Descampado donde fue hallado el cuerpo. (Foto T\u00e9lam)<\/figcaption><\/figure>\n\n\n\n<p>El femicidio de Iara Rueda (16) todav\u00eda se encuentra en etapa investigativa, si bien los querellantes de la familia y la perito de parte brindaron informaci\u00f3n acerca del avance de la causa, todav\u00eda restan atar varios cabos para determinar con exactitud qu\u00e9 le sucedi\u00f3 a la adolescente.<\/p>\n\n\n\n<p>En ese vaiv\u00e9n de declaraciones quienes todav\u00eda no se hab\u00edan pronunciado eran los abogados defensores de los dos acusados por el crimen, Orlando Cachizumba y Mauricio Abad. Recientemente <strong>Gustavo Reynoso<\/strong>, defensor legal de Cachizumba, rompi\u00f3 el silencio y solicit\u00f3 que se aparte del caso a la Polic\u00eda de la Provincia.<\/p>\n\n\n\n<p>El abogado apunt\u00f3 directamente a la investigaci\u00f3n y se quej\u00f3 del poco canal de dialogo con el fiscal que encabeza la causa, Diego Cussel. Reynoso afirm\u00f3 que se entera los avances gracias a los medios de comunicaci\u00f3n ya que, hasta ahora, no le permitieron participar en las medidas procesales.<\/p>\n\n\n\n<p><strong><em>Relacionado: <a href=\"https:\/\/notinor.com\/jujuy\/esto-no-es-politica-lamentablemente-nos-une-el-dolor\/\">\u00abEsto no es pol\u00edtica, lamentablemente nos une el dolor\u00bb<\/a><\/em><\/strong><\/p>\n\n\n\n<p>Este s\u00e1bado 24 de octubre se cumplir\u00e1 un mes de la muerte de Iara, el 23 de septiembre la joven sali\u00f3 de su casa en el barrio San Jos\u00e9 y apareci\u00f3 sin vida cinco d\u00edas despu\u00e9s en un descampado del barrio 2 de Abril. Ese mismo d\u00eda Diego Cussel, fiscal de la Unidad Especializada en este tipo de delitos, orden\u00f3 la detenci\u00f3n de Mauricio Abad y Orlando Cachizumba.<\/p>\n\n\n\n<p>Al respecto, el abogado defensor expres\u00f3: \"La Polic\u00eda ven\u00eda siguiendo a Cachizumba y a Abad por un robo ocurrido el 14 de septiembre, por eso estaban escondidos. El domingo 27 de septiembre se enteraron que los hab\u00edan descubierto y regresaron a Palpal\u00e1 para negociar su entrega. Mi defendido dej\u00f3 su auto en el barrio 2 de Abril, cerca de su casa y al otro d\u00eda fue detenido\".<\/p>\n\n\n\n<p>\"Seg\u00fan lo que consta en el expediente judicial, mi defendido no tiene nada que ver con el aberrante femicidio. No hay una raz\u00f3n fundada para que un veh\u00edculo estacionado, como tantos otros, a unas 10 cuadras donde hallaron el cuerpo de la joven, sea el que traslad\u00f3 a los protagonistas del hecho\", afirm\u00f3. \"Adem\u00e1s si este auto ser\u00eda importante para la causa, estar\u00eda fajado como secuestro para preservar las pruebas, si uno va por la Brigada, lo va a ver sin faja\", expres\u00f3 el abogado.<\/p>\n\n\n\n<p>El letrado afirm\u00f3 comprometerse a colaborar con el esclarecimiento del crimen \"que nos ha afectado a todos\", pero advirti\u00f3 que \"en esta causa no se est\u00e1n respetando los derechos constitucionales de las personas imputadas\".<\/p>\n\n\n\n<p><strong><em>Relacionado: <a href=\"https:\/\/notinor.com\/jujuy\/la-familia-rueda-reune-firmas-para-nombrar-ley-iara-al-proyecto-de-emergencia-por-violencia-de-genero\/\">La familia Rueda re\u00fane firmas para nombrar \u00abLey Iara\u00bb al proyecto de Emergencia por Violencia de G\u00e9nero<\/a><\/em><\/strong><\/p>\n\n\n\n<p>\"Espero reunirme cu\u00e1nto antes con el fiscal Diego Cussel para de lugar a los elementos probatorios que tenemos en defensa de mi representado. No puede ser que me entere de los avances de la investigaci\u00f3n, a trav\u00e9s del diario\", cerr\u00f3 Reynoso.<\/p>\n\n\n\n<figure class=\"wp-block-image size-large\"><img decoding=\"async\" loading=\"lazy\" width=\"840\" height=\"473\" src=\"https:\/\/notinor.com\/jujuy\/wp-content\/uploads\/2020\/10\/Marcha-padres-iara.jpg\" alt=\"\" class=\"wp-image-269699\" srcset=\"https:\/\/notinor.com\/jujuy\/wp-content\/uploads\/2020\/10\/Marcha-padres-iara.jpg 840w, https:\/\/notinor.com\/jujuy\/wp-content\/uploads\/2020\/10\/Marcha-padres-iara-648x365.jpg 648w, https:\/\/notinor.com\/jujuy\/wp-content\/uploads\/2020\/10\/Marcha-padres-iara-768x432.jpg 768w, https:\/\/notinor.com\/jujuy\/wp-content\/uploads\/2020\/10\/Marcha-padres-iara-750x422.jpg 750w\" sizes=\"(max-width: 840px) 100vw, 840px\" \/><figcaption>Este s\u00e1bado se congregar\u00e1 una nueva marcha<\/figcaption><\/figure>\n\n\n\n<p><strong>Exige otro rumbo de la investigaci\u00f3n<\/strong><\/p>\n\n\n\n<p>El abogado defensor de Cachizumba le solicit\u00f3 al fiscal Cussel que investigue a un hombre que vive en las inmediaciones del descampado en el que hall\u00f3 el cuerpo. La solicitud gira en torno a que los perros buscadores de la Polic\u00eda habr\u00edan intentando ingresar a su domicilio el mismo d\u00eda que la joven era buscada,<\/p>\n\n\n\n<p>Adem\u00e1s ratific\u00f3 que en el expediente judicial no existen los elementos necesarios \"para que mi defendido y el otro muchacho contin\u00faen detenidos, salvo que hayan medidas procesales de las que no fui notificado y si esto es as\u00ed, ser\u00eda nulo\".<\/p>\n\n\n\n<p><em>Fuente: El Tribuno de Jujuy<\/em><\/p>\n","protected":false},"excerpt":{"rendered":"<p>Gustavo Reynoso, defensor legal de Orlando Cachizumba, pidi\u00f3 que se aparte de la investigaci\u00f3n a la Polic\u00eda de la Provincia. El femicidio de Iara Rueda (16) todav\u00eda se encuentra en etapa investigativa, si bien los querellantes de la familia y la perito de parte brindaron informaci\u00f3n acerca del avance de la causa, todav\u00eda restan atar [&hellip;]<\/p>\n","protected":false},"author":1,"featured_media":272352,"comment_status":"open","ping_status":"open","sticky":false,"template":"","format":"standard","meta":{"_stopmodifiedupdate":false,"_modified_date":"","inline_featured_image":false,"spay_email":"","jetpack_publicize_message":""},"categories":[2,3],"tags":[],"jetpack_featured_media_url":"https:\/\/notinor.com\/jujuy\/wp-content\/uploads\/2020\/10\/Iara-Rueda-descampado.jpg","jetpack_publicize_connections":[],"_links":{"self":[{"href":"https:\/\/notinor.com\/jujuy\/wp-json\/wp\/v2\/posts\/272348"}],"collection":[{"href":"https:\/\/notinor.com\/jujuy\/wp-json\/wp\/v2\/posts"}],"about":[{"href":"https:\/\/notinor.com\/jujuy\/wp-json\/wp\/v2\/types\/post"}],"author":[{"embeddable":true,"href":"https:\/\/notinor.com\/jujuy\/wp-json\/wp\/v2\/users\/1"}],"replies":[{"embeddable":true,"href":"https:\/\/notinor.com\/jujuy\/wp-json\/wp\/v2\/comments?post=272348"}],"version-history":[{"count":2,"href":"https:\/\/notinor.com\/jujuy\/wp-json\/wp\/v2\/posts\/272348\/revisions"}],"predecessor-version":[{"id":272426,"href":"https:\/\/notinor.com\/jujuy\/wp-json\/wp\/v2\/posts\/272348\/revisions\/272426"}],"wp:featuredmedia":[{"embeddable":true,"href":"https:\/\/notinor.com\/jujuy\/wp-json\/wp\/v2\/media\/272352"}],"wp:attachment":[{"href":"https:\/\/notinor.com\/jujuy\/wp-json\/wp\/v2\/media?parent=272348"}],"wp:term":[{"taxonomy":"category","embeddable":true,"href":"https:\/\/notinor.com\/jujuy\/wp-json\/wp\/v2\/categories?post=272348"},{"taxonomy":"post_tag","embeddable":true,"href":"https:\/\/notinor.com\/jujuy\/wp-json\/wp\/v2\/tags?post=272348"}],"curies":[{"name":"wp","href":"https:\/\/api.w.org\/{rel}","templated":true}]}}