{"id":272330,"date":"2020-10-22T11:09:11","date_gmt":"2020-10-22T14:09:11","guid":{"rendered":"https:\/\/notinor.com\/jujuy\/?p=272330"},"modified":"2020-10-22T11:09:18","modified_gmt":"2020-10-22T14:09:18","slug":"mi-hija-va-a-descansar-en-paz-la-frase-del-padre-de-la-nena-asesinada-a-golpes-tras-el-crimen-del-principal-sospechoso","status":"publish","type":"post","link":"https:\/\/notinor.com\/jujuy\/mi-hija-va-a-descansar-en-paz-la-frase-del-padre-de-la-nena-asesinada-a-golpes-tras-el-crimen-del-principal-sospechoso\/","title":{"rendered":"\u201cMi hija va a descansar en paz\u201d: la frase del padre de la nena asesinada a golpes tras el crimen del principal sospechoso"},"content":{"rendered":"\n<p>Pablo Riquel tambi\u00e9n se\u00f1al\u00f3 que \u201cel culpable ha pagado por lo que ha hecho y ella va a estar un poco m\u00e1s tranquila\u201d.<\/p>\n\n\n\n<figure class=\"wp-block-image size-large\"><img decoding=\"async\" loading=\"lazy\" width=\"768\" height=\"432\" src=\"https:\/\/notinor.com\/jujuy\/wp-content\/uploads\/2020\/10\/3BU4SJV2NJB7LPDXAG657GW3TY.jpg\" alt=\"\" class=\"wp-image-272331\" srcset=\"https:\/\/notinor.com\/jujuy\/wp-content\/uploads\/2020\/10\/3BU4SJV2NJB7LPDXAG657GW3TY.jpg 768w, https:\/\/notinor.com\/jujuy\/wp-content\/uploads\/2020\/10\/3BU4SJV2NJB7LPDXAG657GW3TY-649x365.jpg 649w, https:\/\/notinor.com\/jujuy\/wp-content\/uploads\/2020\/10\/3BU4SJV2NJB7LPDXAG657GW3TY-500x280.jpg 500w, https:\/\/notinor.com\/jujuy\/wp-content\/uploads\/2020\/10\/3BU4SJV2NJB7LPDXAG657GW3TY-750x422.jpg 750w\" sizes=\"(max-width: 768px) 100vw, 768px\" \/><\/figure>\n\n\n\n<p>Este mi\u00e9rcoles por la noche,&nbsp;<mark>el padre de Abigail, la ni\u00f1a de 9 a\u00f1os que fue encontrada asesinada en un descampado de Tucum\u00e1n, asegur\u00f3 que su \u201chija va a descansar en paz sabiendo que el culpable ha pagado por lo que ha hecho\u201d.<\/mark>&nbsp;As\u00ed lo afirm\u00f3 luego de que fuera asesinado a golpes y machetazos el principal sospechoso del crimen.<\/p>\n\n\n\n<p>Pablo Riquel se hizo presente en la puerta de la comisar\u00eda 12\u00aa, donde fue llevado el cuerpo del femicida, y particip\u00f3 de la movilizaci\u00f3n que la gente llev\u00f3 a cabo para mostrarle el apoyo a su familia en la Plaza Independencia del centro de San Miguel de Tucum\u00e1n. En ese contexto, agreg\u00f3:&nbsp;<strong>\u201cMi hija va a descansar en paz sabiendo que el culpable ha pagado por lo que ha hecho y va a estar ella un poco m\u00e1s tranquila\u201d.<\/strong><\/p>\n\n\n\n<p><strong>\u201cPerd\u00ed una parte de m\u00ed, no tengo consuelo<\/strong>. Por m\u00e1s que haya muerto o que pague en la c\u00e1rcel, no tengo consuelo\u201d, sostuvo.<\/p>\n\n\n\n<p>Adem\u00e1s, agradeci\u00f3 \u201c<strong>a todos los vecinos porque siempre\u201d lo \u201cacompa\u00f1aron\u201d y lo \u201cvan a acompa\u00f1ar\u201d y pidi\u00f3 \u201cun poco de seguridad para el barrio\u201d porque todos \u201ctienen familia e hijos\u201d.<\/strong><\/p>\n\n\n\n<p>\u201cSabemos que lo atraparon los vecinos, como siempre los vecinos. N<mark>osotros somos pobres, nadie nos escucha y si esperamos por la Justicia, todos vamos a morir y se van a morir nuestros hijos. Tienen que salir los vecinos a la calle a reclamar\u201d, apunt\u00f3.<\/mark><\/p>\n\n\n\n<p>Entre tanto, uno de los manifestantes se\u00f1al\u00f3 que era \u201cmentira\u201d que el principal sospechoso del crimen de Abigail estuviera \u201cmuerto\u201d y asegur\u00f3 que&nbsp;<strong>\u201cla polic\u00eda lo estaba cubriendo\u201d.<\/strong><\/p>\n\n\n\n<p>Sin embargo, el fiscal de la causa&nbsp;<strong>Ignacio L\u00f3pez Bustos<\/strong>&nbsp;confirm\u00f3 el deceso de&nbsp;<strong>Jos\u00e9 Antonio Guaym\u00e1s, \u201cla persona\u201d que buscaban por el asesinato de la ni\u00f1a.<\/strong><\/p>\n\n\n\n<p>Es de destacar que el hombre que hab\u00eda sido sindicado como posible autor del crimen y la violaci\u00f3n de\u00a0<strong>Roc\u00edo Abigail Riquel\u00a0<\/strong>fue linchado por un grupo de personas que lo buscaba junto a la polic\u00eda tucumana desde el mismo d\u00eda del hecho.<\/p>\n\n\n\n<p><strong>Conocido como \u201cCul\u00f3n\u201d<\/strong>, hab\u00eda sido liberado (condenado por una causa por robo) tres d\u00edas antes de la violaci\u00f3n y asesinato de Abigail y, seg\u00fan expresaron varios testigos a los investigadores del caso, lo&nbsp;<strong>vieron pasar de la mano con la nena.<\/strong><\/p>\n\n\n\n<p>Buscado por los vecinos\u00a0y la Polic\u00eda,<strong>\u00a0se sospechaba que Guaym\u00e1s pod\u00eda estar escondido en un barrio conocido como El Manantial, pero fue atrapado en un monte de la zona y entregado desnudo a la polic\u00eda.<\/strong><\/p>\n\n\n\n<p>Seg\u00fan el relato de una vecina a medios locales, el acusado \u201c<strong>el viernes por la noche se quiso ahorcar, amenazaba siempre a su mam\u00e1 y se drogaba mucho\". \"Nunca le tuve confianza porque viv\u00eda drogado<\/strong>. Ten\u00eda miedo de que le pasara algo a mi hija de tres a\u00f1os\u201d, a\u00f1adi\u00f3.<\/p>\n\n\n\n<p>El s\u00e1bado, apenas pasadas las 9 de la ma\u00f1ana, Abigail les dijo a sus pap\u00e1s que se iba a jugar a lo de una amiga, pero nunca volvi\u00f3. Siete horas despu\u00e9s, tras la denuncia de sus padres por desaparici\u00f3n,\u00a0la nena\u00a0<strong>fue encontrada muerta a 400 metros de su casa<\/strong>.\u00a0Estaba boca abajo, semienterrada entre mont\u00edculos del barrio Villa Mu\u00f1ecas, una zona humilde de San Miguel de Tucum\u00e1n.<\/p>\n\n\n\n<p>Los&nbsp;<strong>resultados preliminares de la autopsia&nbsp;<\/strong>indicaron que la nena<strong>&nbsp;fue asesinada mientras el atacante abusaba de ella<\/strong>. Los peritos forenses que trabajaron sobre el cad\u00e1ver indicaron que el violadorintent\u00f3 asfixiarla y la mat\u00f3 tras varios golpes en la cabeza con un bloque de tierra dura.<\/p>\n\n\n\n<p><strong>Si lo hubieran atrapado antes de matarlo<\/strong>, al sospechoso lo habr\u00edan imputado por el delito de&nbsp;<strong>abuso sexual con acceso carnal y homicidio&nbsp;<\/strong><em><strong>criminis causae<\/strong><\/em>, que es el crimen que se comete para ocultar otro delito, cuya pena es la&nbsp;<strong>prisi\u00f3n perpetua<\/strong>.<\/p>\n","protected":false},"excerpt":{"rendered":"<p>Pablo Riquel tambi\u00e9n se\u00f1al\u00f3 que \u201cel culpable ha pagado por lo que ha hecho y ella va a estar un poco m\u00e1s tranquila\u201d. Este mi\u00e9rcoles por la noche,&nbsp;el padre de Abigail, la ni\u00f1a de 9 a\u00f1os que fue encontrada asesinada en un descampado de Tucum\u00e1n, asegur\u00f3 que su \u201chija va a descansar en paz sabiendo [&hellip;]<\/p>\n","protected":false},"author":37,"featured_media":272331,"comment_status":"open","ping_status":"open","sticky":false,"template":"","format":"standard","meta":{"_stopmodifiedupdate":false,"_modified_date":"","inline_featured_image":false,"spay_email":"","jetpack_publicize_message":""},"categories":[3],"tags":[],"jetpack_featured_media_url":"https:\/\/notinor.com\/jujuy\/wp-content\/uploads\/2020\/10\/3BU4SJV2NJB7LPDXAG657GW3TY.jpg","jetpack_publicize_connections":[],"_links":{"self":[{"href":"https:\/\/notinor.com\/jujuy\/wp-json\/wp\/v2\/posts\/272330"}],"collection":[{"href":"https:\/\/notinor.com\/jujuy\/wp-json\/wp\/v2\/posts"}],"about":[{"href":"https:\/\/notinor.com\/jujuy\/wp-json\/wp\/v2\/types\/post"}],"author":[{"embeddable":true,"href":"https:\/\/notinor.com\/jujuy\/wp-json\/wp\/v2\/users\/37"}],"replies":[{"embeddable":true,"href":"https:\/\/notinor.com\/jujuy\/wp-json\/wp\/v2\/comments?post=272330"}],"version-history":[{"count":1,"href":"https:\/\/notinor.com\/jujuy\/wp-json\/wp\/v2\/posts\/272330\/revisions"}],"predecessor-version":[{"id":272332,"href":"https:\/\/notinor.com\/jujuy\/wp-json\/wp\/v2\/posts\/272330\/revisions\/272332"}],"wp:featuredmedia":[{"embeddable":true,"href":"https:\/\/notinor.com\/jujuy\/wp-json\/wp\/v2\/media\/272331"}],"wp:attachment":[{"href":"https:\/\/notinor.com\/jujuy\/wp-json\/wp\/v2\/media?parent=272330"}],"wp:term":[{"taxonomy":"category","embeddable":true,"href":"https:\/\/notinor.com\/jujuy\/wp-json\/wp\/v2\/categories?post=272330"},{"taxonomy":"post_tag","embeddable":true,"href":"https:\/\/notinor.com\/jujuy\/wp-json\/wp\/v2\/tags?post=272330"}],"curies":[{"name":"wp","href":"https:\/\/api.w.org\/{rel}","templated":true}]}}