{"id":272327,"date":"2020-10-22T11:03:01","date_gmt":"2020-10-22T14:03:01","guid":{"rendered":"https:\/\/notinor.com\/jujuy\/?p=272327"},"modified":"2020-10-22T11:03:10","modified_gmt":"2020-10-22T14:03:10","slug":"la-justicia-ordeno-que-dejen-entrar-a-formosa-a-una-familia-que-duerme-en-la-ruta-pero-la-provincia-apelara-la-medida","status":"publish","type":"post","link":"https:\/\/notinor.com\/jujuy\/la-justicia-ordeno-que-dejen-entrar-a-formosa-a-una-familia-que-duerme-en-la-ruta-pero-la-provincia-apelara-la-medida\/","title":{"rendered":"La Justicia orden\u00f3 que dejen entrar a Formosa a una familia que duerme en la ruta pero la provincia apelar\u00e1 la medida"},"content":{"rendered":"\n<p>Daniel Romero, que hace 17 d\u00edas est\u00e1 a la intemperie con su hijo de apenas 4 a\u00f1os y su mujer, expres\u00f3 que \u201chay alguien que nos ayuda, pero no quiere que se sepa nada porque tiene miedo que le abran una causa\u201d.<\/p>\n\n\n\n<figure class=\"wp-block-image alignfull size-large\"><img decoding=\"async\" loading=\"lazy\" width=\"412\" height=\"232\" src=\"https:\/\/notinor.com\/jujuy\/wp-content\/uploads\/2020\/10\/una-familia-esta-varada-la-ruta-formosa-y-duerme-un-acoplado.jpg\" alt=\"\" class=\"wp-image-272328\"\/><\/figure>\n\n\n\n<p>La&nbsp;<strong>Justicia Federal de Formosa le dio 72 horas al gobierno provincial&nbsp;<\/strong>para que deje ingresar a la familia que duerme en la ruta<strong>&nbsp;hace 17 d\u00edas&nbsp;<\/strong>debido al cierre de fronteras por la pandemia. Sin embargo, a trav\u00e9s de la Fiscal\u00eda de Estado, el gobierno de Gildo Insfr\u00e1n anticip\u00f3 que&nbsp;<strong>apelar\u00e1 la medida<\/strong>.<\/p>\n\n\n\n<p>\u201cMe cay\u00f3 muy mal.\u00a0<strong>No se ponen en nuestro lugar, en lo que estamos pasando mi familia y yo\u201d<\/strong>, expres\u00f3 Daniel Romero en di\u00e1logo con\u00a0<em>TN<\/em>. El pap\u00e1 de Gonzalo y esposo de Johana dijo tener \u201cesperanzas\u201d tras la decisi\u00f3n judicial, pero prefiri\u00f3 no aventurar el regreso a casa para no ilusionar a su hijo, de apenas cuatro a\u00f1os y que duerme a la intemperie junto a sus pap\u00e1s.<\/p>\n\n\n\n<p><strong>\u201cMe parte el alma decirle todos los d\u00edas lo mismo. Anoche me dec\u00eda \u2018papi, \u00bfno nos \u00edbamos a casa?\u2019<\/strong>. Los d\u00edas siguen pasando y \u00e9l ya entiende todo\u201d, retrat\u00f3 el hombre.<\/p>\n\n\n\n<p>Su caso y el de su familia\u00a0se viraliz\u00f3 en las \u00faltimas horas. Y Daniel narr\u00f3 qu\u00e9 reacciones hubo desde entonces. \u201cUna familia se acerc\u00f3 y nos dijo que cont\u00e1ramos con su apoyo, nos preguntaron si necesit\u00e1bamos algo y nos dieron frutas y leche para el nene\u201d, dijo. Tambi\u00e9n cont\u00f3 que\u00a0<strong>un chico se \u201cacerc\u00f3 y me dio una bolsa de \u2018chizitos\u2019 para compartir con el nene\u201d<\/strong>.<\/p>\n\n\n\n<p>Luego de 17 d\u00edas durmiendo a la intemperie sobre el costado de la ruta, el hombre cont\u00f3 c\u00f3mo hacen para higienizarse.&nbsp;<strong>\"Hay alguien que nos ayuda en las noches, pero no quiere que se sepa nada porque tiene miedo que le abran una causa\u201d<\/strong>, admiti\u00f3.<\/p>\n\n\n\n<p>\u00bfY la Polic\u00eda apostada en el control de acceso a Formosa?\u201cVinieron y nos tomaron los datos, como todos los d\u00edas. Pero nada m\u00e1s. No saben si vamos a poder ingresar\u201d, acot\u00f3. El martes, Daniel hab\u00eda hablado acerca de sus reiterados pedidos de clemencia a los agentes: \"Todos los d\u00edas voy y les digo que por lo menos tengan compasi\u00f3n al menos por mi hijo, que lo hagan pasar a \u00e9l con la madre\u201d.<\/p>\n\n\n\n<h3>l caso de los 82 estudiantes y la respuesta de Insfr\u00e1n<\/h3>\n\n\n\n<p>La Justicia Federal le dio&nbsp;<strong>48 horas al gobierno provincial<\/strong>&nbsp;y al Consejo de Atenci\u00f3n Integral a la Emergencia COVID-19&nbsp;<strong>para que<\/strong>&nbsp;<strong>deje ingresar a la provincia a 82 estudiantes<\/strong>&nbsp;formose\u00f1os que quedaron varados en otras provincias.<\/p>\n\n\n\n<p>Frente a las cr\u00edticas recibidas por impedir el ingreso de una gran cantidad de varados, el Gobernador de Formosa asegur\u00f3 este mi\u00e9rcoles en conferencia de prensa que \u201c<strong>no toleran que Formosa tenga solo 166 casos confirmados,<\/strong>\u00a0112 recuperados, 37 activos y cero muertes\u201d, y defendi\u00f3 la pol\u00edtica implementada por su gesti\u00f3n de intensificar los controles en las fronteras.<\/p>\n\n\n\n<h3>Quiso entrar nadando para reencontrarse con su hija de 2 a\u00f1os y muri\u00f3 ahogado<\/h3>\n\n\n\n<p>El 17 de octubre pasado, un<strong>\u00a0joven de 23 a\u00f1os\u00a0muri\u00f3 ahogado<\/strong>\u00a0cuando intentaba cruzar a nado el\u00a0<strong>r\u00edo Bermejo<\/strong>\u00a0en un intento desesperado por ingresar a\u00a0<strong>Formosa<\/strong>\u00a0para visitar a su hija, indic\u00f3 su familia.<\/p>\n\n\n\n<p><strong>Mauro Rub\u00e9n Ledesma&nbsp;<\/strong>estaba&nbsp;<strong>varado en C\u00f3rdoba<\/strong>&nbsp;y hab\u00eda solicitado en varias oportunidades la habilitaci\u00f3n para acceder a la provincia, pero las autoridades provinciales le negaron el acceso.<\/p>\n\n\n\n<p>Entre las pertenencias de Ledesma fue encontrada la documentaci\u00f3n que permiti\u00f3 identificarlo. Sus familiares indicaron que el joven hab\u00eda intentado cruzar el r\u00edo para, por fin, ingresar a Formosa y reencontrarse con su hija.<\/p>\n\n\n\n<p>Fuente: TN <\/p>\n","protected":false},"excerpt":{"rendered":"<p>Daniel Romero, que hace 17 d\u00edas est\u00e1 a la intemperie con su hijo de apenas 4 a\u00f1os y su mujer, expres\u00f3 que \u201chay alguien que nos ayuda, pero no quiere que se sepa nada porque tiene miedo que le abran una causa\u201d. La&nbsp;Justicia Federal de Formosa le dio 72 horas al gobierno provincial&nbsp;para que deje [&hellip;]<\/p>\n","protected":false},"author":37,"featured_media":272328,"comment_status":"open","ping_status":"open","sticky":false,"template":"","format":"standard","meta":{"_stopmodifiedupdate":false,"_modified_date":"","inline_featured_image":false,"spay_email":"","jetpack_publicize_message":""},"categories":[5],"tags":[],"jetpack_featured_media_url":"https:\/\/notinor.com\/jujuy\/wp-content\/uploads\/2020\/10\/una-familia-esta-varada-la-ruta-formosa-y-duerme-un-acoplado.jpg","jetpack_publicize_connections":[],"_links":{"self":[{"href":"https:\/\/notinor.com\/jujuy\/wp-json\/wp\/v2\/posts\/272327"}],"collection":[{"href":"https:\/\/notinor.com\/jujuy\/wp-json\/wp\/v2\/posts"}],"about":[{"href":"https:\/\/notinor.com\/jujuy\/wp-json\/wp\/v2\/types\/post"}],"author":[{"embeddable":true,"href":"https:\/\/notinor.com\/jujuy\/wp-json\/wp\/v2\/users\/37"}],"replies":[{"embeddable":true,"href":"https:\/\/notinor.com\/jujuy\/wp-json\/wp\/v2\/comments?post=272327"}],"version-history":[{"count":1,"href":"https:\/\/notinor.com\/jujuy\/wp-json\/wp\/v2\/posts\/272327\/revisions"}],"predecessor-version":[{"id":272329,"href":"https:\/\/notinor.com\/jujuy\/wp-json\/wp\/v2\/posts\/272327\/revisions\/272329"}],"wp:featuredmedia":[{"embeddable":true,"href":"https:\/\/notinor.com\/jujuy\/wp-json\/wp\/v2\/media\/272328"}],"wp:attachment":[{"href":"https:\/\/notinor.com\/jujuy\/wp-json\/wp\/v2\/media?parent=272327"}],"wp:term":[{"taxonomy":"category","embeddable":true,"href":"https:\/\/notinor.com\/jujuy\/wp-json\/wp\/v2\/categories?post=272327"},{"taxonomy":"post_tag","embeddable":true,"href":"https:\/\/notinor.com\/jujuy\/wp-json\/wp\/v2\/tags?post=272327"}],"curies":[{"name":"wp","href":"https:\/\/api.w.org\/{rel}","templated":true}]}}