{"id":272324,"date":"2020-10-22T10:56:55","date_gmt":"2020-10-22T13:56:55","guid":{"rendered":"https:\/\/notinor.com\/jujuy\/?p=272324"},"modified":"2020-10-22T10:57:00","modified_gmt":"2020-10-22T13:57:00","slug":"yo-no-soy-fue-mi-primo-las-ultimas-palabras-del-presunto-femicida-de-abigail","status":"publish","type":"post","link":"https:\/\/notinor.com\/jujuy\/yo-no-soy-fue-mi-primo-las-ultimas-palabras-del-presunto-femicida-de-abigail\/","title":{"rendered":"\u201cYo no soy, fue mi primo\u201d: las \u00faltimas palabras del presunto femicida de Abigail"},"content":{"rendered":"\n<p>El principal sospechoso fue asesinado a golpes por los vecinos. Ten\u00eda 25 a\u00f1os y 19 causas judiciales.<\/p>\n\n\n\n<figure class=\"wp-block-image size-large\"><img decoding=\"async\" loading=\"lazy\" width=\"840\" height=\"471\" src=\"https:\/\/notinor.com\/jujuy\/wp-content\/uploads\/2020\/10\/UUNINSBXGZFB5C6F7VROCABGIE-840x471.jpg\" alt=\"\" class=\"wp-image-272325\" srcset=\"https:\/\/notinor.com\/jujuy\/wp-content\/uploads\/2020\/10\/UUNINSBXGZFB5C6F7VROCABGIE-840x471.jpg 840w, https:\/\/notinor.com\/jujuy\/wp-content\/uploads\/2020\/10\/UUNINSBXGZFB5C6F7VROCABGIE-651x365.jpg 651w, https:\/\/notinor.com\/jujuy\/wp-content\/uploads\/2020\/10\/UUNINSBXGZFB5C6F7VROCABGIE-500x280.jpg 500w, https:\/\/notinor.com\/jujuy\/wp-content\/uploads\/2020\/10\/UUNINSBXGZFB5C6F7VROCABGIE-768x430.jpg 768w, https:\/\/notinor.com\/jujuy\/wp-content\/uploads\/2020\/10\/UUNINSBXGZFB5C6F7VROCABGIE-750x420.jpg 750w, https:\/\/notinor.com\/jujuy\/wp-content\/uploads\/2020\/10\/UUNINSBXGZFB5C6F7VROCABGIE-1140x639.jpg 1140w, https:\/\/notinor.com\/jujuy\/wp-content\/uploads\/2020\/10\/UUNINSBXGZFB5C6F7VROCABGIE.jpg 1440w\" sizes=\"(max-width: 840px) 100vw, 840px\" \/><\/figure>\n\n\n\n<p>Jos\u00e9 \u201cCul\u00f3n\u201d Guaym\u00e1s, el principal sospechoso de violar y asesinar a Abigail Riquel en Tucum\u00e1n, estuvo&nbsp;<strong>casi 72 horas pr\u00f3fugo<\/strong>&nbsp;antes de que un grupo de vecinos lo descubriera escondido entre los ca\u00f1averales y lo matara a golpes y machetazos.<\/p>\n\n\n\n<p>Los perros fueron los que dieron este mi\u00e9rcoles con el rastro del acusado y la gente los sigui\u00f3 hasta la guarida donde hab\u00eda buscado refugio. \u201c<strong>Yo no soy, fue mi primo<\/strong>\u201d, fueron las \u00faltimas palabras del hombre que encontraron oculto en ese lugar quien, al ser increpado, dijo llamarse Jonathan, public\u00f3&nbsp;<em>El Tucumano.<\/em><\/p>\n\n\n\n<p>Pero su excusa no convenci\u00f3 a los vecinos y al levantarle la remera que llevaba puesta las cicatrices en su cuerpo lo delataron. Los dos hombres que lo hab\u00edan encontrado aseguraron despu\u00e9s que ellos solo le colocaron un lazo alrededor del cuello para reducirlo y le ataron las manos detr\u00e1s de la espalda. Lo cierto es que, a esa altura, la locura ya se hab\u00eda desatado y<strong>\u00a0era incontenible<\/strong>. \u201cHa empezado a venir gente y a la gente no la vas a parar\u201d, dijeron.<\/p>\n\n\n\n<figure class=\"wp-block-image alignfull\"><img decoding=\"async\" src=\"https:\/\/artear-tn-prod.cdn.arcpublishing.com\/resizer\/AqknYi4Iuu8Pm-HmbXNjQ18YELw=\/150x0\/smart\/cloudfront-us-east-1.images.arcpublishing.com\/artear\/JIVDJAGCYNE7LMA74HQACDCJBU.JPG\" alt=\"La autopsia determin\u00f3 que Abigail fue violada y muri\u00f3 por un golpe en la cabeza.\"\/><\/figure>\n\n\n\n<p>La polic\u00eda tambi\u00e9n buscaba a \u201cCul\u00f3n\u201d desde el domingo, pero los vecinos llegaron primero. Esto ten\u00eda para ellos una explicaci\u00f3n l\u00f3gica. \u201c<strong>Los polic\u00edas no se met\u00edan<\/strong>&nbsp;en los lugares donde ten\u00edan que meterse\u201d, explicaron. Ante las c\u00e1maras, otro hombre remarc\u00f3: \u201cYo hab\u00eda prometido que hoy lo \u00edbamos a encontrar y as\u00ed ha sido\u201d.<\/p>\n\n\n\n<p>Cuando los efectivos llegaron ayer al lugar del linchamiento arrojaron gases y balas de goma para dispesar a quienes golpeaban a Guaym\u00e1s, pero ya era tarde. Seg\u00fan confirmaron desde el Ministerio de Seguridad de la provincia, \u201cCul\u00f3n\u201d&nbsp;<strong>ya estaba muerto<\/strong>&nbsp;al ingresar a la morgue judicial.<\/p>\n\n\n\n<h3>Qui\u00e9n era \u201cCul\u00f3n\u201d Guaym\u00e1s, el sospechoso asesinado<\/h3>\n\n\n\n<p>Guaym\u00e1s ten\u00eda 25 a\u00f1os y\u00a0<strong>acumul\u00f3 19 causas judiciales<\/strong>\u00a0en la \u00faltima d\u00e9cada. Robos, hurto, asaltos y robo de moto. Todos delitos contra la propiedad, pese a que las primeras versiones indicaban que tambi\u00e9n ten\u00eda un expediente por el abuso sexual de una menor de su familia. Sin embargo, \u201cCul\u00f3n\u201d nunca lleg\u00f3 a juicio por ninguna de esas acusaciones.<\/p>\n\n\n\n<p>En julio pasado lo detuvieron por \u00faltima vez por tentativa de robo. A los 10 d\u00edas, un juez le otorg\u00f3 la libertad por tratarse de un delito excarcelable pero reci\u00e9n logr\u00f3 salir del calabozo hace d\u00edas porque&nbsp;<strong>no pudo cumplir con el pago<\/strong>&nbsp;de la fianza que hab\u00eda impuesto la Justicia.<\/p>\n\n\n\n<p>En di\u00e1logo con&nbsp;<em>La Gaceta<\/em>, una mujer allegada a la familia del acusado cont\u00f3 que hab\u00eda empezado a consumir drogas desde muy chico pero que en el \u00faltimo tiempo \u201c<strong>estaba totalmente perdido<\/strong>&nbsp;y viv\u00eda drogado\u201d. El hombre asesinado ten\u00eda&nbsp;<strong>una veintena de cicatrices&nbsp;<\/strong>en los brazos y en el pecho que \u00e9l mismo se hab\u00eda causado cuando pasaba por per\u00edodos de abstinencia.<\/p>\n","protected":false},"excerpt":{"rendered":"<p>El principal sospechoso fue asesinado a golpes por los vecinos. Ten\u00eda 25 a\u00f1os y 19 causas judiciales. Jos\u00e9 \u201cCul\u00f3n\u201d Guaym\u00e1s, el principal sospechoso de violar y asesinar a Abigail Riquel en Tucum\u00e1n, estuvo&nbsp;casi 72 horas pr\u00f3fugo&nbsp;antes de que un grupo de vecinos lo descubriera escondido entre los ca\u00f1averales y lo matara a golpes y machetazos. [&hellip;]<\/p>\n","protected":false},"author":37,"featured_media":272325,"comment_status":"open","ping_status":"open","sticky":false,"template":"","format":"standard","meta":{"_stopmodifiedupdate":false,"_modified_date":"","inline_featured_image":false,"spay_email":"","jetpack_publicize_message":""},"categories":[3],"tags":[],"jetpack_featured_media_url":"https:\/\/notinor.com\/jujuy\/wp-content\/uploads\/2020\/10\/UUNINSBXGZFB5C6F7VROCABGIE.jpg","jetpack_publicize_connections":[],"_links":{"self":[{"href":"https:\/\/notinor.com\/jujuy\/wp-json\/wp\/v2\/posts\/272324"}],"collection":[{"href":"https:\/\/notinor.com\/jujuy\/wp-json\/wp\/v2\/posts"}],"about":[{"href":"https:\/\/notinor.com\/jujuy\/wp-json\/wp\/v2\/types\/post"}],"author":[{"embeddable":true,"href":"https:\/\/notinor.com\/jujuy\/wp-json\/wp\/v2\/users\/37"}],"replies":[{"embeddable":true,"href":"https:\/\/notinor.com\/jujuy\/wp-json\/wp\/v2\/comments?post=272324"}],"version-history":[{"count":1,"href":"https:\/\/notinor.com\/jujuy\/wp-json\/wp\/v2\/posts\/272324\/revisions"}],"predecessor-version":[{"id":272326,"href":"https:\/\/notinor.com\/jujuy\/wp-json\/wp\/v2\/posts\/272324\/revisions\/272326"}],"wp:featuredmedia":[{"embeddable":true,"href":"https:\/\/notinor.com\/jujuy\/wp-json\/wp\/v2\/media\/272325"}],"wp:attachment":[{"href":"https:\/\/notinor.com\/jujuy\/wp-json\/wp\/v2\/media?parent=272324"}],"wp:term":[{"taxonomy":"category","embeddable":true,"href":"https:\/\/notinor.com\/jujuy\/wp-json\/wp\/v2\/categories?post=272324"},{"taxonomy":"post_tag","embeddable":true,"href":"https:\/\/notinor.com\/jujuy\/wp-json\/wp\/v2\/tags?post=272324"}],"curies":[{"name":"wp","href":"https:\/\/api.w.org\/{rel}","templated":true}]}}